{"id":870,"date":"2021-05-16T22:39:19","date_gmt":"2021-05-16T20:39:19","guid":{"rendered":"http:\/\/agfluechtlingshilfe.org\/?p=870"},"modified":"2021-05-16T22:39:19","modified_gmt":"2021-05-16T20:39:19","slug":"die-fahrradwerkstatt-laeuft-seit-dem-13-5-2021-wieder-im-normalbetrieb","status":"publish","type":"post","link":"https:\/\/agfluechtlingshilfe.org\/?p=870","title":{"rendered":"Die Fahrradwerkstatt l\u00e4uft seit dem 13.5.2021 wieder im Normalbetrieb"},"content":{"rendered":"\n<p>Wir freuen uns sehr, dass die sinkenden Inzidenzwerte es m\u00f6glich machen und hoffen nun wieder vielen neuen Mitb\u00fcrgern etwas mehr Mobilit\u00e4t erm\u00f6glichen zu k\u00f6nnen.  <\/p>\n\n\n\n<figure class=\"wp-block-image size-large\"><img loading=\"lazy\" decoding=\"async\" width=\"660\" height=\"495\" data-attachment-id=\"871\" data-permalink=\"https:\/\/agfluechtlingshilfe.org\/?attachment_id=871\" data-orig-file=\"https:\/\/i0.wp.com\/agfluechtlingshilfe.org\/wp-content\/uploads\/2021\/05\/IMG_9560-scaled.jpg?fit=2560%2C1920&amp;ssl=1\" data-orig-size=\"2560,1920\" data-comments-opened=\"0\" data-image-meta=\"{&quot;aperture&quot;:&quot;2.2&quot;,&quot;credit&quot;:&quot;&quot;,&quot;camera&quot;:&quot;iPhone 6s&quot;,&quot;caption&quot;:&quot;&quot;,&quot;created_timestamp&quot;:&quot;1497540415&quot;,&quot;copyright&quot;:&quot;&quot;,&quot;focal_length&quot;:&quot;4.15&quot;,&quot;iso&quot;:&quot;320&quot;,&quot;shutter_speed&quot;:&quot;0.058823529411765&quot;,&quot;title&quot;:&quot;&quot;,&quot;orientation&quot;:&quot;1&quot;}\" data-image-title=\"IMG_9560\" data-image-description=\"\" data-image-caption=\"\" data-medium-file=\"https:\/\/i0.wp.com\/agfluechtlingshilfe.org\/wp-content\/uploads\/2021\/05\/IMG_9560-scaled.jpg?fit=300%2C225&amp;ssl=1\" data-large-file=\"https:\/\/i0.wp.com\/agfluechtlingshilfe.org\/wp-content\/uploads\/2021\/05\/IMG_9560-scaled.jpg?fit=660%2C495&amp;ssl=1\" src=\"https:\/\/i0.wp.com\/agfluechtlingshilfe.org\/wp-content\/uploads\/2021\/05\/IMG_9560.jpg?resize=660%2C495\" alt=\"\" class=\"wp-image-871\" srcset=\"https:\/\/i0.wp.com\/agfluechtlingshilfe.org\/wp-content\/uploads\/2021\/05\/IMG_9560-scaled.jpg?resize=1024%2C768&amp;ssl=1 1024w, https:\/\/i0.wp.com\/agfluechtlingshilfe.org\/wp-content\/uploads\/2021\/05\/IMG_9560-scaled.jpg?resize=300%2C225&amp;ssl=1 300w, https:\/\/i0.wp.com\/agfluechtlingshilfe.org\/wp-content\/uploads\/2021\/05\/IMG_9560-scaled.jpg?resize=768%2C576&amp;ssl=1 768w, https:\/\/i0.wp.com\/agfluechtlingshilfe.org\/wp-content\/uploads\/2021\/05\/IMG_9560-scaled.jpg?resize=1536%2C1152&amp;ssl=1 1536w, https:\/\/i0.wp.com\/agfluechtlingshilfe.org\/wp-content\/uploads\/2021\/05\/IMG_9560-scaled.jpg?resize=2048%2C1536&amp;ssl=1 2048w, https:\/\/i0.wp.com\/agfluechtlingshilfe.org\/wp-content\/uploads\/2021\/05\/IMG_9560-scaled.jpg?w=1320 1320w, https:\/\/i0.wp.com\/agfluechtlingshilfe.org\/wp-content\/uploads\/2021\/05\/IMG_9560-scaled.jpg?w=1980 1980w\" sizes=\"auto, (max-width: 660px) 100vw, 660px\" data-recalc-dims=\"1\" \/><figcaption>Dieses Bild stammt nat\u00fcrlich aus Vor-Corona-Zeiten, jetzt gilt: max. 2 Personen in der Werkstatt und alle mit Mundschutz.<\/figcaption><\/figure>\n","protected":false},"excerpt":{"rendered":"<p>Wir freuen uns sehr, dass die sinkenden Inzidenzwerte es m\u00f6glich machen und hoffen nun wieder vielen neuen Mitb\u00fcrgern etwas mehr Mobilit\u00e4t erm\u00f6glichen zu k\u00f6nnen.<\/p>\n","protected":false},"author":1,"featured_media":0,"comment_status":"closed","ping_status":"closed","sticky":false,"template":"","format":"standard","meta":{"footnotes":"","jetpack_publicize_message":"","jetpack_is_tweetstorm":false,"jetpack_publicize_feature_enabled":true,"jetpack_social_post_already_shared":true,"jetpack_social_options":{"image_generator_settings":{"template":"highway","enabled":false}}},"categories":[1],"tags":[],"class_list":["post-870","post","type-post","status-publish","format-standard","hentry","category-aktuelles"],"jetpack_publicize_connections":[],"jetpack_featured_media_url":"","jetpack_sharing_enabled":true,"jetpack_shortlink":"https:\/\/wp.me\/p8ejgX-e2","jetpack-related-posts":[{"id":387,"url":"https:\/\/agfluechtlingshilfe.org\/?p=387","url_meta":{"origin":870,"position":0},"title":"Diesen Freitag gibt es wieder Gelegenheit um sich zu begegnen&#8230;","author":"agfluechtlingshilfehst","date":"26. Januar 2017","format":false,"excerpt":"Zwei Wochen sind schon wieder um und damit findet Morgen wieder unser Begegnungscaf\u00e9 in der VHS statt. Dieses Mal wird wieder gemeinsam gekocht und gegessen, also eine besonders leckere Gelegenheit, um unsere neuen Mitb\u00fcrger pers\u00f6nlich kennen zu lernen und mit ihnen die deutsche Sprache zu \u00fcben. Es geht ab 14\u2026","rel":"","context":"In &quot;Aktuelles&quot;","block_context":{"text":"Aktuelles","link":"https:\/\/agfluechtlingshilfe.org\/?cat=1"},"img":{"alt_text":"","src":"","width":0,"height":0},"classes":[]},{"id":406,"url":"https:\/\/agfluechtlingshilfe.org\/?p=406","url_meta":{"origin":870,"position":1},"title":"Deutsche &#8222;Sparringspartner&#8220; f\u00fcr unser Begegnungscaf\u00e9 morgen gesucht&#8230;","author":"agfluechtlingshilfehst","date":"9. M\u00e4rz 2017","format":false,"excerpt":"Zwei Wochen sind schon wieder um und damit findet morgen wieder unser Begegnungscaf\u00e9 in der VHS Stralsund statt. Das letzte Mal waren etwas wenig deutschsprachige \"Trainingshelfer\" dabei. Damit unsere neuen Mitb\u00fcrger aber m\u00f6glichst viel Gelegenheit bekommen, ihre Sprachkenntnisse auszuprobieren, w\u00e4re es sch\u00f6n, wenn morgen noch der ein oder andere den\u2026","rel":"","context":"In &quot;Aktuelles&quot;","block_context":{"text":"Aktuelles","link":"https:\/\/agfluechtlingshilfe.org\/?cat=1"},"img":{"alt_text":"","src":"","width":0,"height":0},"classes":[]},{"id":350,"url":"https:\/\/agfluechtlingshilfe.org\/?p=350","url_meta":{"origin":870,"position":2},"title":"Diesen Freitag wieder Sporttreff","author":"agfluechtlingshilfehst","date":"4. Januar 2017","format":false,"excerpt":"Unser j\u00fcngstes Projekt geht in die zweite Runde. Auch in 2017 bieten wir wieder allen alten und neuen Stralsundern, die \u00fcber sportliche Aktion miteinander in Kontakt kommen wollen, eine M\u00f6glichkeit und vor allem den Raum dazu. Der Sporttreff findet immer Freitags ab 18.30 Uhr in der Goethe-Sporthalle in zentraler (Altstadt)\u2026","rel":"","context":"In &quot;Aktuelles&quot;","block_context":{"text":"Aktuelles","link":"https:\/\/agfluechtlingshilfe.org\/?cat=1"},"img":{"alt_text":"","src":"","width":0,"height":0},"classes":[]},{"id":790,"url":"https:\/\/agfluechtlingshilfe.org\/?p=790","url_meta":{"origin":870,"position":3},"title":"Umzug der Fahrradwerkstatt&#8230;","author":"agfluechtlingshilfehst","date":"21. Juni 2019","format":false,"excerpt":"Am 17. Juni 2019 zog unsere komplette Fahrradwerkstatt vom Vilmer Weg in die Gemeinschaftsunterkunft in der Ummanzer Strasse um. Dank der super Vorbereitung vom \"Werkstattmeister\" J\u00fcrgen und diversen engagierten Helfern mit und ohne deutschen Pass hat alles gut geklappt. Nat\u00fcrlich war es ein Kraftakt und es ist wieder ein Kellerraum,\u2026","rel":"","context":"In &quot;Aktuelles&quot;","block_context":{"text":"Aktuelles","link":"https:\/\/agfluechtlingshilfe.org\/?cat=1"},"img":{"alt_text":"","src":"https:\/\/i0.wp.com\/agfluechtlingshilfe.org\/wp-content\/uploads\/2019\/06\/IMG_9577-e1561136112501.jpg?resize=350%2C200&ssl=1","width":350,"height":200},"classes":[]},{"id":692,"url":"https:\/\/agfluechtlingshilfe.org\/?p=692","url_meta":{"origin":870,"position":4},"title":"Sommerpause unserer Projekte und&#8230;.","author":"agfluechtlingshilfehst","date":"21. Juli 2018","format":false,"excerpt":"....so manche Neuerung f\u00fcr die Zeit danach. Unsere Sommerpause hat begonnen. Das bedeutet, dass die meisten unserer Projekte erst ab August wieder Termine anbieten. Welches Projekt wann genau wieder am Start ist, k\u00f6nnt ihr in unserem Kalender finden. Eine Ver\u00e4nderung wird es dann ab August in unserem Sprachkurs-Projekt geben. Es\u2026","rel":"","context":"In &quot;Aktuelles&quot;","block_context":{"text":"Aktuelles","link":"https:\/\/agfluechtlingshilfe.org\/?cat=1"},"img":{"alt_text":"","src":"","width":0,"height":0},"classes":[]},{"id":861,"url":"https:\/\/agfluechtlingshilfe.org\/?p=861","url_meta":{"origin":870,"position":5},"title":"Die Ladies Lounge im Nachbarschaftszentrum findet wieder statt!!","author":"agfluechtlingshilfehst","date":"19. Oktober 2020","format":false,"excerpt":"\"Diesmal unter vorsichtigen Corona-Auflagen, eine Light-Version sozusagen \u2013 trotzdem mit der M\u00f6glichkeit, sich endlich wieder zu sehen, Gemeinschaft zu erleben, zu genie\u00dfen und gute Gedanken mitzunehmen. \"","rel":"","context":"In &quot;Aktuelles&quot;","block_context":{"text":"Aktuelles","link":"https:\/\/agfluechtlingshilfe.org\/?cat=1"},"img":{"alt_text":"","src":"https:\/\/i0.wp.com\/agfluechtlingshilfe.org\/wp-content\/uploads\/2020\/10\/Ladies-Lounge_Ank\u00fcndigung_26_1-scaled.jpg?resize=350%2C200&ssl=1","width":350,"height":200,"srcset":"https:\/\/i0.wp.com\/agfluechtlingshilfe.org\/wp-content\/uploads\/2020\/10\/Ladies-Lounge_Ank\u00fcndigung_26_1-scaled.jpg?resize=350%2C200&ssl=1 1x, https:\/\/i0.wp.com\/agfluechtlingshilfe.org\/wp-content\/uploads\/2020\/10\/Ladies-Lounge_Ank\u00fcndigung_26_1-scaled.jpg?resize=525%2C300&ssl=1 1.5x, https:\/\/i0.wp.com\/agfluechtlingshilfe.org\/wp-content\/uploads\/2020\/10\/Ladies-Lounge_Ank\u00fcndigung_26_1-scaled.jpg?resize=700%2C400&ssl=1 2x, https:\/\/i0.wp.com\/agfluechtlingshilfe.org\/wp-content\/uploads\/2020\/10\/Ladies-Lounge_Ank\u00fcndigung_26_1-scaled.jpg?resize=1050%2C600&ssl=1 3x, https:\/\/i0.wp.com\/agfluechtlingshilfe.org\/wp-content\/uploads\/2020\/10\/Ladies-Lounge_Ank\u00fcndigung_26_1-scaled.jpg?resize=1400%2C800&ssl=1 4x"},"classes":[]}],"jetpack_likes_enabled":true,"_links":{"self":[{"href":"https:\/\/agfluechtlingshilfe.org\/index.php?rest_route=\/wp\/v2\/posts\/870","targetHints":{"allow":["GET"]}}],"collection":[{"href":"https:\/\/agfluechtlingshilfe.org\/index.php?rest_route=\/wp\/v2\/posts"}],"about":[{"href":"https:\/\/agfluechtlingshilfe.org\/index.php?rest_route=\/wp\/v2\/types\/post"}],"author":[{"embeddable":true,"href":"https:\/\/agfluechtlingshilfe.org\/index.php?rest_route=\/wp\/v2\/users\/1"}],"replies":[{"embeddable":true,"href":"https:\/\/agfluechtlingshilfe.org\/index.php?rest_route=%2Fwp%2Fv2%2Fcomments&post=870"}],"version-history":[{"count":1,"href":"https:\/\/agfluechtlingshilfe.org\/index.php?rest_route=\/wp\/v2\/posts\/870\/revisions"}],"predecessor-version":[{"id":872,"href":"https:\/\/agfluechtlingshilfe.org\/index.php?rest_route=\/wp\/v2\/posts\/870\/revisions\/872"}],"wp:attachment":[{"href":"https:\/\/agfluechtlingshilfe.org\/index.php?rest_route=%2Fwp%2Fv2%2Fmedia&parent=870"}],"wp:term":[{"taxonomy":"category","embeddable":true,"href":"https:\/\/agfluechtlingshilfe.org\/index.php?rest_route=%2Fwp%2Fv2%2Fcategories&post=870"},{"taxonomy":"post_tag","embeddable":true,"href":"https:\/\/agfluechtlingshilfe.org\/index.php?rest_route=%2Fwp%2Fv2%2Ftags&post=870"}],"curies":[{"name":"wp","href":"https:\/\/api.w.org\/{rel}","templated":true}]}}