{"id":861,"date":"2020-10-19T09:18:19","date_gmt":"2020-10-19T07:18:19","guid":{"rendered":"http:\/\/agfluechtlingshilfe.org\/?p=861"},"modified":"2020-10-19T09:18:19","modified_gmt":"2020-10-19T07:18:19","slug":"die-ladies-lounge-im-nachbarschaftszentrum-findet-wieder-statt","status":"publish","type":"post","link":"https:\/\/agfluechtlingshilfe.org\/?p=861","title":{"rendered":"Die Ladies Lounge im Nachbarschaftszentrum findet wieder statt!!"},"content":{"rendered":"\n<p>&#8222;Diesmal  unter vorsichtigen Corona-Auflagen, eine Light-Version sozusagen \u2013  trotzdem mit der M\u00f6glichkeit, sich endlich wieder zu sehen, Gemeinschaft  zu erleben, zu genie\u00dfen und gute Gedanken mitzunehmen. &#8222;<\/p>\n\n\n\n<figure class=\"wp-block-image size-large\"><img loading=\"lazy\" decoding=\"async\" width=\"1810\" height=\"2560\" data-attachment-id=\"862\" data-permalink=\"https:\/\/agfluechtlingshilfe.org\/?attachment_id=862\" data-orig-file=\"https:\/\/i0.wp.com\/agfluechtlingshilfe.org\/wp-content\/uploads\/2020\/10\/Ladies-Lounge_Ank\u00fcndigung_26_1-scaled.jpg?fit=1810%2C2560&amp;ssl=1\" data-orig-size=\"1810,2560\" data-comments-opened=\"0\" data-image-meta=\"{&quot;aperture&quot;:&quot;0&quot;,&quot;credit&quot;:&quot;&quot;,&quot;camera&quot;:&quot;&quot;,&quot;caption&quot;:&quot;&quot;,&quot;created_timestamp&quot;:&quot;0&quot;,&quot;copyright&quot;:&quot;&quot;,&quot;focal_length&quot;:&quot;0&quot;,&quot;iso&quot;:&quot;0&quot;,&quot;shutter_speed&quot;:&quot;0&quot;,&quot;title&quot;:&quot;&quot;,&quot;orientation&quot;:&quot;0&quot;}\" data-image-title=\"Ladies-Lounge_Ank\u00fcndigung_26_1\" data-image-description=\"\" data-image-caption=\"\" data-medium-file=\"https:\/\/i0.wp.com\/agfluechtlingshilfe.org\/wp-content\/uploads\/2020\/10\/Ladies-Lounge_Ank\u00fcndigung_26_1-scaled.jpg?fit=212%2C300&amp;ssl=1\" data-large-file=\"https:\/\/i0.wp.com\/agfluechtlingshilfe.org\/wp-content\/uploads\/2020\/10\/Ladies-Lounge_Ank\u00fcndigung_26_1-scaled.jpg?fit=660%2C933&amp;ssl=1\" src=\"https:\/\/i0.wp.com\/agfluechtlingshilfe.org\/wp-content\/uploads\/2020\/10\/Ladies-Lounge_Ank\u00fcndigung_26_1-scaled.jpg?fit=660%2C933&amp;ssl=1\" alt=\"\" class=\"wp-image-862\" srcset=\"https:\/\/i0.wp.com\/agfluechtlingshilfe.org\/wp-content\/uploads\/2020\/10\/Ladies-Lounge_Ank\u00fcndigung_26_1-scaled.jpg?w=1810&amp;ssl=1 1810w, https:\/\/i0.wp.com\/agfluechtlingshilfe.org\/wp-content\/uploads\/2020\/10\/Ladies-Lounge_Ank\u00fcndigung_26_1-scaled.jpg?resize=212%2C300&amp;ssl=1 212w, https:\/\/i0.wp.com\/agfluechtlingshilfe.org\/wp-content\/uploads\/2020\/10\/Ladies-Lounge_Ank\u00fcndigung_26_1-scaled.jpg?resize=724%2C1024&amp;ssl=1 724w, https:\/\/i0.wp.com\/agfluechtlingshilfe.org\/wp-content\/uploads\/2020\/10\/Ladies-Lounge_Ank\u00fcndigung_26_1-scaled.jpg?resize=768%2C1086&amp;ssl=1 768w, https:\/\/i0.wp.com\/agfluechtlingshilfe.org\/wp-content\/uploads\/2020\/10\/Ladies-Lounge_Ank\u00fcndigung_26_1-scaled.jpg?resize=1086%2C1536&amp;ssl=1 1086w, https:\/\/i0.wp.com\/agfluechtlingshilfe.org\/wp-content\/uploads\/2020\/10\/Ladies-Lounge_Ank\u00fcndigung_26_1-scaled.jpg?resize=1448%2C2048&amp;ssl=1 1448w, https:\/\/i0.wp.com\/agfluechtlingshilfe.org\/wp-content\/uploads\/2020\/10\/Ladies-Lounge_Ank\u00fcndigung_26_1-scaled.jpg?w=1320 1320w\" sizes=\"auto, (max-width: 660px) 100vw, 660px\" \/><\/figure>\n","protected":false},"excerpt":{"rendered":"<p>&#8222;Diesmal unter vorsichtigen Corona-Auflagen, eine Light-Version sozusagen \u2013 trotzdem mit der M\u00f6glichkeit, sich endlich wieder zu sehen, Gemeinschaft zu erleben, zu genie\u00dfen und gute Gedanken mitzunehmen. &#8222;<\/p>\n","protected":false},"author":1,"featured_media":0,"comment_status":"closed","ping_status":"closed","sticky":false,"template":"","format":"standard","meta":{"footnotes":"","jetpack_publicize_message":"","jetpack_is_tweetstorm":false,"jetpack_publicize_feature_enabled":true,"jetpack_social_post_already_shared":true,"jetpack_social_options":{"image_generator_settings":{"template":"highway","enabled":false}}},"categories":[1],"tags":[],"class_list":["post-861","post","type-post","status-publish","format-standard","hentry","category-aktuelles"],"jetpack_publicize_connections":[],"jetpack_featured_media_url":"","jetpack_sharing_enabled":true,"jetpack_shortlink":"https:\/\/wp.me\/p8ejgX-dT","jetpack-related-posts":[{"id":387,"url":"https:\/\/agfluechtlingshilfe.org\/?p=387","url_meta":{"origin":861,"position":0},"title":"Diesen Freitag gibt es wieder Gelegenheit um sich zu begegnen&#8230;","author":"agfluechtlingshilfehst","date":"26. Januar 2017","format":false,"excerpt":"Zwei Wochen sind schon wieder um und damit findet Morgen wieder unser Begegnungscaf\u00e9 in der VHS statt. Dieses Mal wird wieder gemeinsam gekocht und gegessen, also eine besonders leckere Gelegenheit, um unsere neuen Mitb\u00fcrger pers\u00f6nlich kennen zu lernen und mit ihnen die deutsche Sprache zu \u00fcben. Es geht ab 14\u2026","rel":"","context":"In &quot;Aktuelles&quot;","block_context":{"text":"Aktuelles","link":"https:\/\/agfluechtlingshilfe.org\/?cat=1"},"img":{"alt_text":"","src":"","width":0,"height":0},"classes":[]},{"id":406,"url":"https:\/\/agfluechtlingshilfe.org\/?p=406","url_meta":{"origin":861,"position":1},"title":"Deutsche &#8222;Sparringspartner&#8220; f\u00fcr unser Begegnungscaf\u00e9 morgen gesucht&#8230;","author":"agfluechtlingshilfehst","date":"9. M\u00e4rz 2017","format":false,"excerpt":"Zwei Wochen sind schon wieder um und damit findet morgen wieder unser Begegnungscaf\u00e9 in der VHS Stralsund statt. Das letzte Mal waren etwas wenig deutschsprachige \"Trainingshelfer\" dabei. Damit unsere neuen Mitb\u00fcrger aber m\u00f6glichst viel Gelegenheit bekommen, ihre Sprachkenntnisse auszuprobieren, w\u00e4re es sch\u00f6n, wenn morgen noch der ein oder andere den\u2026","rel":"","context":"In &quot;Aktuelles&quot;","block_context":{"text":"Aktuelles","link":"https:\/\/agfluechtlingshilfe.org\/?cat=1"},"img":{"alt_text":"","src":"","width":0,"height":0},"classes":[]},{"id":790,"url":"https:\/\/agfluechtlingshilfe.org\/?p=790","url_meta":{"origin":861,"position":2},"title":"Umzug der Fahrradwerkstatt&#8230;","author":"agfluechtlingshilfehst","date":"21. Juni 2019","format":false,"excerpt":"Am 17. Juni 2019 zog unsere komplette Fahrradwerkstatt vom Vilmer Weg in die Gemeinschaftsunterkunft in der Ummanzer Strasse um. Dank der super Vorbereitung vom \"Werkstattmeister\" J\u00fcrgen und diversen engagierten Helfern mit und ohne deutschen Pass hat alles gut geklappt. Nat\u00fcrlich war es ein Kraftakt und es ist wieder ein Kellerraum,\u2026","rel":"","context":"In &quot;Aktuelles&quot;","block_context":{"text":"Aktuelles","link":"https:\/\/agfluechtlingshilfe.org\/?cat=1"},"img":{"alt_text":"","src":"https:\/\/i0.wp.com\/agfluechtlingshilfe.org\/wp-content\/uploads\/2019\/06\/IMG_9577-e1561136112501.jpg?resize=350%2C200&ssl=1","width":350,"height":200},"classes":[]},{"id":870,"url":"https:\/\/agfluechtlingshilfe.org\/?p=870","url_meta":{"origin":861,"position":3},"title":"Die Fahrradwerkstatt l\u00e4uft seit dem 13.5.2021 wieder im Normalbetrieb","author":"agfluechtlingshilfehst","date":"16. Mai 2021","format":false,"excerpt":"Wir freuen uns sehr, dass die sinkenden Inzidenzwerte es m\u00f6glich machen und hoffen nun wieder vielen neuen Mitb\u00fcrgern etwas mehr Mobilit\u00e4t erm\u00f6glichen zu k\u00f6nnen. Dieses Bild stammt nat\u00fcrlich aus Vor-Corona-Zeiten, jetzt gilt: max. 2 Personen in der Werkstatt und alle mit Mundschutz.","rel":"","context":"In &quot;Aktuelles&quot;","block_context":{"text":"Aktuelles","link":"https:\/\/agfluechtlingshilfe.org\/?cat=1"},"img":{"alt_text":"","src":"https:\/\/i0.wp.com\/agfluechtlingshilfe.org\/wp-content\/uploads\/2021\/05\/IMG_9560-scaled.jpg?resize=350%2C200&ssl=1","width":350,"height":200,"srcset":"https:\/\/i0.wp.com\/agfluechtlingshilfe.org\/wp-content\/uploads\/2021\/05\/IMG_9560-scaled.jpg?resize=350%2C200&ssl=1 1x, https:\/\/i0.wp.com\/agfluechtlingshilfe.org\/wp-content\/uploads\/2021\/05\/IMG_9560-scaled.jpg?resize=525%2C300&ssl=1 1.5x, https:\/\/i0.wp.com\/agfluechtlingshilfe.org\/wp-content\/uploads\/2021\/05\/IMG_9560-scaled.jpg?resize=700%2C400&ssl=1 2x, https:\/\/i0.wp.com\/agfluechtlingshilfe.org\/wp-content\/uploads\/2021\/05\/IMG_9560-scaled.jpg?resize=1050%2C600&ssl=1 3x, https:\/\/i0.wp.com\/agfluechtlingshilfe.org\/wp-content\/uploads\/2021\/05\/IMG_9560-scaled.jpg?resize=1400%2C800&ssl=1 4x"},"classes":[]},{"id":587,"url":"https:\/\/agfluechtlingshilfe.org\/?p=587","url_meta":{"origin":861,"position":4},"title":"Interkulturelles Training: du bist anders&#8230;.ich aber auch","author":"agfluechtlingshilfehst","date":"4. M\u00e4rz 2018","format":false,"excerpt":"Das KdW und seine Kooperationspartner laden junge Menschen wieder zu einem Interkulturellen Training ein. IKT Einladung junge Leute 10.03.18","rel":"","context":"In &quot;Aktuelles&quot;","block_context":{"text":"Aktuelles","link":"https:\/\/agfluechtlingshilfe.org\/?cat=1"},"img":{"alt_text":"","src":"https:\/\/i0.wp.com\/agfluechtlingshilfe.org\/wp-content\/uploads\/2018\/03\/IKT-Einladung-junge-Leute-10.03.18.jpg?resize=350%2C200","width":350,"height":200,"srcset":"https:\/\/i0.wp.com\/agfluechtlingshilfe.org\/wp-content\/uploads\/2018\/03\/IKT-Einladung-junge-Leute-10.03.18.jpg?resize=350%2C200 1x, https:\/\/i0.wp.com\/agfluechtlingshilfe.org\/wp-content\/uploads\/2018\/03\/IKT-Einladung-junge-Leute-10.03.18.jpg?resize=525%2C300 1.5x, https:\/\/i0.wp.com\/agfluechtlingshilfe.org\/wp-content\/uploads\/2018\/03\/IKT-Einladung-junge-Leute-10.03.18.jpg?resize=700%2C400 2x"},"classes":[]},{"id":707,"url":"https:\/\/agfluechtlingshilfe.org\/?p=707","url_meta":{"origin":861,"position":5},"title":"Helfer gesucht: unsere Kinderbetreuung sucht aktive Unterst\u00fctzung!","author":"agfluechtlingshilfehst","date":"2. August 2018","format":false,"excerpt":"Das beste Rezept um sich gut zu f\u00fchlen: Kindern unkompliziert eine gute Zeit erm\u00f6glichen! Unser aktuelles Team vor Ort ist aufgrund des Auslandsjahres eines Mitglieds leider geschrumpft und braucht dringend Unterst\u00fctzung. Wer also Lust und Zeit hat, alle ein bis zwei Wochen f\u00fcr ca. 2 Stunden in der Gemeinschaftsunterkunft auf\u2026","rel":"","context":"In &quot;Aktuelles&quot;","block_context":{"text":"Aktuelles","link":"https:\/\/agfluechtlingshilfe.org\/?cat=1"},"img":{"alt_text":"","src":"https:\/\/i0.wp.com\/agfluechtlingshilfe.org\/wp-content\/uploads\/2018\/03\/23668900_1954843744834905_8662036537170567425_o.jpeg?resize=350%2C200","width":350,"height":200,"srcset":"https:\/\/i0.wp.com\/agfluechtlingshilfe.org\/wp-content\/uploads\/2018\/03\/23668900_1954843744834905_8662036537170567425_o.jpeg?resize=350%2C200 1x, https:\/\/i0.wp.com\/agfluechtlingshilfe.org\/wp-content\/uploads\/2018\/03\/23668900_1954843744834905_8662036537170567425_o.jpeg?resize=525%2C300 1.5x"},"classes":[]}],"jetpack_likes_enabled":true,"_links":{"self":[{"href":"https:\/\/agfluechtlingshilfe.org\/index.php?rest_route=\/wp\/v2\/posts\/861","targetHints":{"allow":["GET"]}}],"collection":[{"href":"https:\/\/agfluechtlingshilfe.org\/index.php?rest_route=\/wp\/v2\/posts"}],"about":[{"href":"https:\/\/agfluechtlingshilfe.org\/index.php?rest_route=\/wp\/v2\/types\/post"}],"author":[{"embeddable":true,"href":"https:\/\/agfluechtlingshilfe.org\/index.php?rest_route=\/wp\/v2\/users\/1"}],"replies":[{"embeddable":true,"href":"https:\/\/agfluechtlingshilfe.org\/index.php?rest_route=%2Fwp%2Fv2%2Fcomments&post=861"}],"version-history":[{"count":1,"href":"https:\/\/agfluechtlingshilfe.org\/index.php?rest_route=\/wp\/v2\/posts\/861\/revisions"}],"predecessor-version":[{"id":863,"href":"https:\/\/agfluechtlingshilfe.org\/index.php?rest_route=\/wp\/v2\/posts\/861\/revisions\/863"}],"wp:attachment":[{"href":"https:\/\/agfluechtlingshilfe.org\/index.php?rest_route=%2Fwp%2Fv2%2Fmedia&parent=861"}],"wp:term":[{"taxonomy":"category","embeddable":true,"href":"https:\/\/agfluechtlingshilfe.org\/index.php?rest_route=%2Fwp%2Fv2%2Fcategories&post=861"},{"taxonomy":"post_tag","embeddable":true,"href":"https:\/\/agfluechtlingshilfe.org\/index.php?rest_route=%2Fwp%2Fv2%2Ftags&post=861"}],"curies":[{"name":"wp","href":"https:\/\/api.w.org\/{rel}","templated":true}]}}