{"id":790,"date":"2019-06-21T19:01:19","date_gmt":"2019-06-21T17:01:19","guid":{"rendered":"http:\/\/agfluechtlingshilfe.org\/?p=790"},"modified":"2019-06-21T19:01:28","modified_gmt":"2019-06-21T17:01:28","slug":"umzug-der-fahrradwerkstatt","status":"publish","type":"post","link":"https:\/\/agfluechtlingshilfe.org\/?p=790","title":{"rendered":"Umzug der Fahrradwerkstatt&#8230;"},"content":{"rendered":"\n<p class=\"has-text-color has-very-dark-gray-color\">Am 17. Juni 2019 zog unsere komplette Fahrradwerkstatt vom Vilmer Weg in die Gemeinschaftsunterkunft in der Ummanzer Strasse um. Dank der super Vorbereitung vom &#8222;Werkstattmeister&#8220; J\u00fcrgen und diversen engagierten Helfern mit und ohne deutschen Pass hat alles gut geklappt. Nat\u00fcrlich war es ein Kraftakt und es ist wieder ein Kellerraum, ABER gr\u00f6\u00dfer, warm und mit Licht. Also rundum besser. Zu finden \u00fcbrigens leichter durch den Kellerzugang an der rechten Stirnseite des Geb\u00e4udes. Kleiner Praxistip: wenn dieser Zugang  zu ist, ist auch niemand in der Werkstatt \ud83d\ude42 Die \u00d6ffnungszeiten sind geblieben:<strong> Do von 14-17 Uh<\/strong>r <\/p>\n\n\n\n<p class=\"has-background has-luminous-vivid-amber-background-color\"><strong>und es werden auch wieder Fahrradspenden gebraucht!!!<\/strong><\/p>\n\n\n\n<figure class=\"wp-block-image\"><img loading=\"lazy\" decoding=\"async\" width=\"660\" height=\"495\" data-attachment-id=\"791\" data-permalink=\"https:\/\/agfluechtlingshilfe.org\/?attachment_id=791\" data-orig-file=\"https:\/\/i0.wp.com\/agfluechtlingshilfe.org\/wp-content\/uploads\/2019\/06\/IMG_9577-e1561136112501.jpg?fit=375%2C500&amp;ssl=1\" data-orig-size=\"375,500\" data-comments-opened=\"0\" data-image-meta=\"{&quot;aperture&quot;:&quot;2.2&quot;,&quot;credit&quot;:&quot;&quot;,&quot;camera&quot;:&quot;iPhone 6s&quot;,&quot;caption&quot;:&quot;&quot;,&quot;created_timestamp&quot;:&quot;1497540476&quot;,&quot;copyright&quot;:&quot;&quot;,&quot;focal_length&quot;:&quot;4.15&quot;,&quot;iso&quot;:&quot;200&quot;,&quot;shutter_speed&quot;:&quot;0.04&quot;,&quot;title&quot;:&quot;&quot;,&quot;orientation&quot;:&quot;6&quot;}\" data-image-title=\"IMG_9577\" data-image-description=\"\" data-image-caption=\"&lt;p&gt;Die alte Werkstatt ist nun Geschichte&amp;#8230;&lt;\/p&gt;\n\" data-medium-file=\"https:\/\/i0.wp.com\/agfluechtlingshilfe.org\/wp-content\/uploads\/2019\/06\/IMG_9577-e1561136112501.jpg?fit=225%2C300&amp;ssl=1\" data-large-file=\"https:\/\/i0.wp.com\/agfluechtlingshilfe.org\/wp-content\/uploads\/2019\/06\/IMG_9577-e1561136112501.jpg?fit=660%2C495&amp;ssl=1\" src=\"https:\/\/i0.wp.com\/agfluechtlingshilfe.org\/wp-content\/uploads\/2019\/06\/IMG_9577.jpg?resize=660%2C495\" alt=\"\" class=\"wp-image-791\" data-recalc-dims=\"1\"\/><figcaption>Die alte Werkstatt ist nun Geschichte&#8230;<\/figcaption><\/figure>\n","protected":false},"excerpt":{"rendered":"<p>Am 17. Juni 2019 zog unsere komplette Fahrradwerkstatt vom Vilmer Weg in die Gemeinschaftsunterkunft in der Ummanzer Strasse um. Dank der super Vorbereitung vom &#8222;Werkstattmeister&#8220; J\u00fcrgen und diversen engagierten Helfern mit und ohne deutschen Pass hat alles gut geklappt. Nat\u00fcrlich war es ein Kraftakt und es ist wieder ein Kellerraum, ABER gr\u00f6\u00dfer, warm und mit &hellip; <a href=\"https:\/\/agfluechtlingshilfe.org\/?p=790\" class=\"more-link\"><span class=\"screen-reader-text\">Umzug der Fahrradwerkstatt&#8230;<\/span> weiterlesen<\/a><\/p>\n","protected":false},"author":1,"featured_media":0,"comment_status":"closed","ping_status":"closed","sticky":false,"template":"","format":"standard","meta":{"footnotes":"","jetpack_publicize_message":"","jetpack_is_tweetstorm":false,"jetpack_publicize_feature_enabled":true,"jetpack_social_post_already_shared":true,"jetpack_social_options":{"image_generator_settings":{"template":"highway","enabled":false}}},"categories":[1],"tags":[],"class_list":["post-790","post","type-post","status-publish","format-standard","hentry","category-aktuelles"],"jetpack_publicize_connections":[],"jetpack_featured_media_url":"","jetpack_sharing_enabled":true,"jetpack_shortlink":"https:\/\/wp.me\/p8ejgX-cK","jetpack-related-posts":[{"id":1164,"url":"https:\/\/agfluechtlingshilfe.org\/?p=1164","url_meta":{"origin":790,"position":0},"title":"Unsere neuen Projekte suchen Helfer!","author":"agfluechtlingshilfehst","date":"23. M\u00e4rz 2022","format":false,"excerpt":"Nach zwei sehr effektiven Planungstreffen mit vielen neuen Helfern kann es jetzt losgehen. Wir suchen aber noch dringend ehrenamtliche Helfer, die uns in unseren Projekten unterst\u00fctzen, damit diese zuverl\u00e4ssig und dauerhaft in die Tat umgesetzt werden k\u00f6nnen. Wir starten die folgenden Projekte nicht nur aus Anlass der hohen Fl\u00fcchtlingszahlen aus\u2026","rel":"","context":"In &quot;Aktuelles&quot;","block_context":{"text":"Aktuelles","link":"https:\/\/agfluechtlingshilfe.org\/?cat=1"},"img":{"alt_text":"","src":"https:\/\/i0.wp.com\/agfluechtlingshilfe.org\/wp-content\/uploads\/2022\/03\/ProjektBilder2022_3.png?resize=350%2C200&ssl=1","width":350,"height":200,"srcset":"https:\/\/i0.wp.com\/agfluechtlingshilfe.org\/wp-content\/uploads\/2022\/03\/ProjektBilder2022_3.png?resize=350%2C200&ssl=1 1x, https:\/\/i0.wp.com\/agfluechtlingshilfe.org\/wp-content\/uploads\/2022\/03\/ProjektBilder2022_3.png?resize=525%2C300&ssl=1 1.5x, https:\/\/i0.wp.com\/agfluechtlingshilfe.org\/wp-content\/uploads\/2022\/03\/ProjektBilder2022_3.png?resize=700%2C400&ssl=1 2x"},"classes":[]},{"id":1349,"url":"https:\/\/agfluechtlingshilfe.org\/?p=1349","url_meta":{"origin":790,"position":1},"title":"Wir waren Teil der NDR-Nordstory","author":"agfluechtlingshilfehst","date":"7. Oktober 2023","format":false,"excerpt":"Am 15.09.2023 waren wir mit unserer Fahrradwerkstatt in der NDR Nordstory dabei. J\u00fcrgen und seine Helfer haben ihre Arbeit und Motivation wirklich gut r\u00fcber gebracht und die Resonanz auf den Beitrag war bisher auch schon sehr erfreulich. Wer es verpasst hat, kann den Beitrag hier abrufen und anschauen: Auch weiterhin\u2026","rel":"","context":"In &quot;Aktuelles&quot;","block_context":{"text":"Aktuelles","link":"https:\/\/agfluechtlingshilfe.org\/?cat=1"},"img":{"alt_text":"","src":"https:\/\/i0.wp.com\/agfluechtlingshilfe.org\/wp-content\/uploads\/2023\/10\/NDR-BeitragBildRes.png?resize=350%2C200&ssl=1","width":350,"height":200},"classes":[]},{"id":605,"url":"https:\/\/agfluechtlingshilfe.org\/?p=605","url_meta":{"origin":790,"position":2},"title":"Alte Fahrr\u00e4der gesucht&#8230;","author":"agfluechtlingshilfehst","date":"3. M\u00e4rz 2018","format":false,"excerpt":"Unsere Fahrradwerkstatt ist dringend auf weitere Fahrrad-Spenden angewiesen. Wer zu Hause noch einen alten und halbwegs fahr-t\u00fcchtigen Drahtesel stehen hat, kann sich gerne bei uns melden (info@agfluechtlingshilfe.org). Wir holen ihn dann nach Absprache ab. Um den Fl\u00fcchtlingen die dringend erforderliche Mobilit\u00e4t zu erm\u00f6glichen, die sie brauchen um die vielen Aufgaben\u2026","rel":"","context":"In &quot;Aktuelles&quot;","block_context":{"text":"Aktuelles","link":"https:\/\/agfluechtlingshilfe.org\/?cat=1"},"img":{"alt_text":"","src":"https:\/\/i0.wp.com\/agfluechtlingshilfe.org\/wp-content\/uploads\/2016\/12\/IMG_9788Red.jpg?resize=350%2C200","width":350,"height":200},"classes":[]},{"id":870,"url":"https:\/\/agfluechtlingshilfe.org\/?p=870","url_meta":{"origin":790,"position":3},"title":"Die Fahrradwerkstatt l\u00e4uft seit dem 13.5.2021 wieder im Normalbetrieb","author":"agfluechtlingshilfehst","date":"16. Mai 2021","format":false,"excerpt":"Wir freuen uns sehr, dass die sinkenden Inzidenzwerte es m\u00f6glich machen und hoffen nun wieder vielen neuen Mitb\u00fcrgern etwas mehr Mobilit\u00e4t erm\u00f6glichen zu k\u00f6nnen. Dieses Bild stammt nat\u00fcrlich aus Vor-Corona-Zeiten, jetzt gilt: max. 2 Personen in der Werkstatt und alle mit Mundschutz.","rel":"","context":"In &quot;Aktuelles&quot;","block_context":{"text":"Aktuelles","link":"https:\/\/agfluechtlingshilfe.org\/?cat=1"},"img":{"alt_text":"","src":"https:\/\/i0.wp.com\/agfluechtlingshilfe.org\/wp-content\/uploads\/2021\/05\/IMG_9560-scaled.jpg?resize=350%2C200&ssl=1","width":350,"height":200,"srcset":"https:\/\/i0.wp.com\/agfluechtlingshilfe.org\/wp-content\/uploads\/2021\/05\/IMG_9560-scaled.jpg?resize=350%2C200&ssl=1 1x, https:\/\/i0.wp.com\/agfluechtlingshilfe.org\/wp-content\/uploads\/2021\/05\/IMG_9560-scaled.jpg?resize=525%2C300&ssl=1 1.5x, https:\/\/i0.wp.com\/agfluechtlingshilfe.org\/wp-content\/uploads\/2021\/05\/IMG_9560-scaled.jpg?resize=700%2C400&ssl=1 2x, https:\/\/i0.wp.com\/agfluechtlingshilfe.org\/wp-content\/uploads\/2021\/05\/IMG_9560-scaled.jpg?resize=1050%2C600&ssl=1 3x, https:\/\/i0.wp.com\/agfluechtlingshilfe.org\/wp-content\/uploads\/2021\/05\/IMG_9560-scaled.jpg?resize=1400%2C800&ssl=1 4x"},"classes":[]},{"id":467,"url":"https:\/\/agfluechtlingshilfe.org\/?p=467","url_meta":{"origin":790,"position":4},"title":"DRK-Team gewinnt und spendet&#8230;","author":"agfluechtlingshilfehst","date":"22. Juli 2017","format":false,"excerpt":"...wir sagen DANKE!!! Das war ein tolle \u00dcberraschung: das DRK Sanit\u00e4terteam\u00a0 des KV R\u00fcgen\/ Bereitschaft Stralsund wurde mit seinem Foto nicht nur zum Gewinner der Fotoaktion von Claas Abraham auf dem Campus Spektakel erkoren, sie spendeten ihren Preis postwendend unserer Fahrradwerkstatt. Der Preis war n\u00e4mlich ein Gutschein f\u00fcr den Fahrradhandel\u2026","rel":"","context":"In &quot;Aktuelles&quot;","block_context":{"text":"Aktuelles","link":"https:\/\/agfluechtlingshilfe.org\/?cat=1"},"img":{"alt_text":"","src":"https:\/\/i0.wp.com\/agfluechtlingshilfe.org\/wp-content\/uploads\/2017\/07\/DRK_Gewinnerbild.jpg?resize=350%2C200","width":350,"height":200,"srcset":"https:\/\/i0.wp.com\/agfluechtlingshilfe.org\/wp-content\/uploads\/2017\/07\/DRK_Gewinnerbild.jpg?resize=350%2C200 1x, https:\/\/i0.wp.com\/agfluechtlingshilfe.org\/wp-content\/uploads\/2017\/07\/DRK_Gewinnerbild.jpg?resize=525%2C300 1.5x, https:\/\/i0.wp.com\/agfluechtlingshilfe.org\/wp-content\/uploads\/2017\/07\/DRK_Gewinnerbild.jpg?resize=700%2C400 2x, https:\/\/i0.wp.com\/agfluechtlingshilfe.org\/wp-content\/uploads\/2017\/07\/DRK_Gewinnerbild.jpg?resize=1050%2C600 3x, https:\/\/i0.wp.com\/agfluechtlingshilfe.org\/wp-content\/uploads\/2017\/07\/DRK_Gewinnerbild.jpg?resize=1400%2C800 4x"},"classes":[]},{"id":462,"url":"https:\/\/agfluechtlingshilfe.org\/?p=462","url_meta":{"origin":790,"position":5},"title":"Spende von der Sparkasse Vorpommern","author":"agfluechtlingshilfehst","date":"24. Juli 2017","format":false,"excerpt":"Die Sparkasse Vorpommern hat unserer Fahrradwerkstatt und unserem Sprachkurs 500\u20ac gespendet! Damit k\u00f6nnen wir endliche Regale und weitere dringend ben\u00f6tigte Materialien f\u00fcr die Werkstatt anschaffen und der Sprachkurs kann sich mit Lernmitteln ausstatten, um die vielen eifrigen Teilnehmer noch besser beim \"b\u00fcffeln\" unserer Sprache zu unterst\u00fctzen. Wir sagen DANKE! und\u2026","rel":"","context":"In &quot;Aktuelles&quot;","block_context":{"text":"Aktuelles","link":"https:\/\/agfluechtlingshilfe.org\/?cat=1"},"img":{"alt_text":"","src":"","width":0,"height":0},"classes":[]}],"jetpack_likes_enabled":true,"_links":{"self":[{"href":"https:\/\/agfluechtlingshilfe.org\/index.php?rest_route=\/wp\/v2\/posts\/790","targetHints":{"allow":["GET"]}}],"collection":[{"href":"https:\/\/agfluechtlingshilfe.org\/index.php?rest_route=\/wp\/v2\/posts"}],"about":[{"href":"https:\/\/agfluechtlingshilfe.org\/index.php?rest_route=\/wp\/v2\/types\/post"}],"author":[{"embeddable":true,"href":"https:\/\/agfluechtlingshilfe.org\/index.php?rest_route=\/wp\/v2\/users\/1"}],"replies":[{"embeddable":true,"href":"https:\/\/agfluechtlingshilfe.org\/index.php?rest_route=%2Fwp%2Fv2%2Fcomments&post=790"}],"version-history":[{"count":4,"href":"https:\/\/agfluechtlingshilfe.org\/index.php?rest_route=\/wp\/v2\/posts\/790\/revisions"}],"predecessor-version":[{"id":795,"href":"https:\/\/agfluechtlingshilfe.org\/index.php?rest_route=\/wp\/v2\/posts\/790\/revisions\/795"}],"wp:attachment":[{"href":"https:\/\/agfluechtlingshilfe.org\/index.php?rest_route=%2Fwp%2Fv2%2Fmedia&parent=790"}],"wp:term":[{"taxonomy":"category","embeddable":true,"href":"https:\/\/agfluechtlingshilfe.org\/index.php?rest_route=%2Fwp%2Fv2%2Fcategories&post=790"},{"taxonomy":"post_tag","embeddable":true,"href":"https:\/\/agfluechtlingshilfe.org\/index.php?rest_route=%2Fwp%2Fv2%2Ftags&post=790"}],"curies":[{"name":"wp","href":"https:\/\/api.w.org\/{rel}","templated":true}]}}