{"id":692,"date":"2018-07-21T11:04:36","date_gmt":"2018-07-21T09:04:36","guid":{"rendered":"http:\/\/agfluechtlingshilfe.org\/?p=692"},"modified":"2018-07-21T11:04:36","modified_gmt":"2018-07-21T09:04:36","slug":"sommerpause-unserer-projekte-und","status":"publish","type":"post","link":"https:\/\/agfluechtlingshilfe.org\/?p=692","title":{"rendered":"Sommerpause unserer Projekte und&#8230;."},"content":{"rendered":"<p>&#8230;.so manche Neuerung f\u00fcr die Zeit danach.<\/p>\n<p>Unsere Sommerpause hat begonnen. Das bedeutet, dass die meisten unserer Projekte erst ab August wieder Termine anbieten. Welches Projekt wann genau wieder am Start ist, k\u00f6nnt ihr in unserem <a href=\"http:\/\/agfluechtlingshilfe.org\/?page_id=28\">Kalender<\/a> finden.<\/p>\n<p>Eine Ver\u00e4nderung wird es dann ab August in unserem Sprachkurs-Projekt geben. Es passt sich den ver\u00e4nderten Bedarfen an und zieht vom D\u00e4nholm in die Caritasse in der Frankenvorstadt um. Weitere Infos findet Ihr auch <a href=\"http:\/\/agfluechtlingshilfe.org\/?page_id=68\">hier<\/a>.<\/p>\n","protected":false},"excerpt":{"rendered":"<p>&#8230;.so manche Neuerung f\u00fcr die Zeit danach. Unsere Sommerpause hat begonnen. Das bedeutet, dass die meisten unserer Projekte erst ab August wieder Termine anbieten. Welches Projekt wann genau wieder am Start ist, k\u00f6nnt ihr in unserem Kalender finden. Eine Ver\u00e4nderung wird es dann ab August in unserem Sprachkurs-Projekt geben. Es passt sich den ver\u00e4nderten Bedarfen &hellip; <a href=\"https:\/\/agfluechtlingshilfe.org\/?p=692\" class=\"more-link\"><span class=\"screen-reader-text\">Sommerpause unserer Projekte und&#8230;.<\/span> weiterlesen<\/a><\/p>\n","protected":false},"author":1,"featured_media":0,"comment_status":"closed","ping_status":"closed","sticky":false,"template":"","format":"standard","meta":{"footnotes":"","jetpack_publicize_message":"","jetpack_is_tweetstorm":false,"jetpack_publicize_feature_enabled":true,"jetpack_social_post_already_shared":true,"jetpack_social_options":{"image_generator_settings":{"template":"highway","enabled":false}}},"categories":[1],"tags":[],"class_list":["post-692","post","type-post","status-publish","format-standard","hentry","category-aktuelles"],"jetpack_publicize_connections":[],"jetpack_featured_media_url":"","jetpack_sharing_enabled":true,"jetpack_shortlink":"https:\/\/wp.me\/p8ejgX-ba","jetpack-related-posts":[{"id":1164,"url":"https:\/\/agfluechtlingshilfe.org\/?p=1164","url_meta":{"origin":692,"position":0},"title":"Unsere neuen Projekte suchen Helfer!","author":"agfluechtlingshilfehst","date":"23. M\u00e4rz 2022","format":false,"excerpt":"Nach zwei sehr effektiven Planungstreffen mit vielen neuen Helfern kann es jetzt losgehen. Wir suchen aber noch dringend ehrenamtliche Helfer, die uns in unseren Projekten unterst\u00fctzen, damit diese zuverl\u00e4ssig und dauerhaft in die Tat umgesetzt werden k\u00f6nnen. Wir starten die folgenden Projekte nicht nur aus Anlass der hohen Fl\u00fcchtlingszahlen aus\u2026","rel":"","context":"In &quot;Aktuelles&quot;","block_context":{"text":"Aktuelles","link":"https:\/\/agfluechtlingshilfe.org\/?cat=1"},"img":{"alt_text":"","src":"https:\/\/i0.wp.com\/agfluechtlingshilfe.org\/wp-content\/uploads\/2022\/03\/ProjektBilder2022_3.png?resize=350%2C200&ssl=1","width":350,"height":200,"srcset":"https:\/\/i0.wp.com\/agfluechtlingshilfe.org\/wp-content\/uploads\/2022\/03\/ProjektBilder2022_3.png?resize=350%2C200&ssl=1 1x, https:\/\/i0.wp.com\/agfluechtlingshilfe.org\/wp-content\/uploads\/2022\/03\/ProjektBilder2022_3.png?resize=525%2C300&ssl=1 1.5x, https:\/\/i0.wp.com\/agfluechtlingshilfe.org\/wp-content\/uploads\/2022\/03\/ProjektBilder2022_3.png?resize=700%2C400&ssl=1 2x"},"classes":[]},{"id":350,"url":"https:\/\/agfluechtlingshilfe.org\/?p=350","url_meta":{"origin":692,"position":1},"title":"Diesen Freitag wieder Sporttreff","author":"agfluechtlingshilfehst","date":"4. Januar 2017","format":false,"excerpt":"Unser j\u00fcngstes Projekt geht in die zweite Runde. Auch in 2017 bieten wir wieder allen alten und neuen Stralsundern, die \u00fcber sportliche Aktion miteinander in Kontakt kommen wollen, eine M\u00f6glichkeit und vor allem den Raum dazu. Der Sporttreff findet immer Freitags ab 18.30 Uhr in der Goethe-Sporthalle in zentraler (Altstadt)\u2026","rel":"","context":"In &quot;Aktuelles&quot;","block_context":{"text":"Aktuelles","link":"https:\/\/agfluechtlingshilfe.org\/?cat=1"},"img":{"alt_text":"","src":"","width":0,"height":0},"classes":[]},{"id":488,"url":"https:\/\/agfluechtlingshilfe.org\/?p=488","url_meta":{"origin":692,"position":2},"title":"Neuer Ort, neue Termine: das Begegnungscaf\u00e9 ist aus der Sommerpause zur\u00fcck!","author":"agfluechtlingshilfehst","date":"7. September 2017","format":false,"excerpt":"...die Sommerpause des Begegnungscaf\u00e9 geht zu Ende und die neuen Termine UND DER NEUE ORT stehen bereits fest! Aufgrund des Umzugs der VHS Stralsund ist es aktuell nicht mehr m\u00f6glich dort unser Begegnungscaf\u00e9 stattfinden zu lassen. Aus dieser Not ergab sich, wie so oft im Leben, eine neue Chance: Susanne\u2026","rel":"","context":"In &quot;Aktuelles&quot;","block_context":{"text":"Aktuelles","link":"https:\/\/agfluechtlingshilfe.org\/?cat=1"},"img":{"alt_text":"","src":"https:\/\/i0.wp.com\/agfluechtlingshilfe.org\/wp-content\/uploads\/2017\/08\/BC_NeueTermine2017_Flyer.jpg?resize=350%2C200","width":350,"height":200,"srcset":"https:\/\/i0.wp.com\/agfluechtlingshilfe.org\/wp-content\/uploads\/2017\/08\/BC_NeueTermine2017_Flyer.jpg?resize=350%2C200 1x, https:\/\/i0.wp.com\/agfluechtlingshilfe.org\/wp-content\/uploads\/2017\/08\/BC_NeueTermine2017_Flyer.jpg?resize=525%2C300 1.5x, https:\/\/i0.wp.com\/agfluechtlingshilfe.org\/wp-content\/uploads\/2017\/08\/BC_NeueTermine2017_Flyer.jpg?resize=700%2C400 2x, https:\/\/i0.wp.com\/agfluechtlingshilfe.org\/wp-content\/uploads\/2017\/08\/BC_NeueTermine2017_Flyer.jpg?resize=1050%2C600 3x, https:\/\/i0.wp.com\/agfluechtlingshilfe.org\/wp-content\/uploads\/2017\/08\/BC_NeueTermine2017_Flyer.jpg?resize=1400%2C800 4x"},"classes":[]},{"id":536,"url":"https:\/\/agfluechtlingshilfe.org\/?p=536","url_meta":{"origin":692,"position":3},"title":"MORGEN: Zeit f\u00fcr Begegnungen","author":"agfluechtlingshilfehst","date":"21. September 2017","format":false,"excerpt":"Es ist wieder Zeit f\u00fcr Begegnungen. Morgen, Freitag den 22.09.2017 von 14- 17 Uhr im Speicher am Katharinenberg findet das zweite Begegnungscaf\u00e9 seit der Sommerpause statt. F\u00fcr alle, die mal in die direkte Fl\u00fcchtlingshilfe hinein-schnuppern wollen, ist das ein toller erster Einstieg. Wir sind offen f\u00fcr alle und alles (gerne\u2026","rel":"","context":"In &quot;Aktuelles&quot;","block_context":{"text":"Aktuelles","link":"https:\/\/agfluechtlingshilfe.org\/?cat=1"},"img":{"alt_text":"","src":"","width":0,"height":0},"classes":[]},{"id":723,"url":"https:\/\/agfluechtlingshilfe.org\/?p=723","url_meta":{"origin":692,"position":4},"title":"Der Sporttreff startet aus der Sommerpause!","author":"agfluechtlingshilfehst","date":"2. September 2018","format":false,"excerpt":"Ab kommenden Freitag, den 7.9.2018 kann man wieder \"l\u00e4nder\u00fcbergreifend\" sportlich werden. Wer wissen will wo genau, meldet sich einfach unter info@agfluechtlingshilfe.org oder \u00fcber unsere Facebook-Seite bei uns. Sport frei ;-)","rel":"","context":"In &quot;Aktuelles&quot;","block_context":{"text":"Aktuelles","link":"https:\/\/agfluechtlingshilfe.org\/?cat=1"},"img":{"alt_text":"","src":"","width":0,"height":0},"classes":[]},{"id":1145,"url":"https:\/\/agfluechtlingshilfe.org\/?p=1145","url_meta":{"origin":692,"position":5},"title":"Ein guter Start&#8230;","author":"agfluechtlingshilfehst","date":"12. M\u00e4rz 2022","format":false,"excerpt":"... war das Kick-Off Treffen am Freitagabend den 11.3.2022 auf jeden Fall schon mal! 28 Menschen waren unserer Einladung gefolgt und in die Sporthalle der Goethe-Schule gekommen. Wir haben uns riesig \u00fcber die wirklich positive Stimmung und die engagierte, aktive Arbeit gefreut, die alle an diesem Abend mit eingebracht haben.\u2026","rel":"","context":"In &quot;Aktuelles&quot;","block_context":{"text":"Aktuelles","link":"https:\/\/agfluechtlingshilfe.org\/?cat=1"},"img":{"alt_text":"","src":"https:\/\/i0.wp.com\/agfluechtlingshilfe.org\/wp-content\/uploads\/2016\/12\/agfluechtlingshilfeLOGO.jpg?resize=350%2C200&ssl=1","width":350,"height":200},"classes":[]}],"jetpack_likes_enabled":true,"_links":{"self":[{"href":"https:\/\/agfluechtlingshilfe.org\/index.php?rest_route=\/wp\/v2\/posts\/692","targetHints":{"allow":["GET"]}}],"collection":[{"href":"https:\/\/agfluechtlingshilfe.org\/index.php?rest_route=\/wp\/v2\/posts"}],"about":[{"href":"https:\/\/agfluechtlingshilfe.org\/index.php?rest_route=\/wp\/v2\/types\/post"}],"author":[{"embeddable":true,"href":"https:\/\/agfluechtlingshilfe.org\/index.php?rest_route=\/wp\/v2\/users\/1"}],"replies":[{"embeddable":true,"href":"https:\/\/agfluechtlingshilfe.org\/index.php?rest_route=%2Fwp%2Fv2%2Fcomments&post=692"}],"version-history":[{"count":2,"href":"https:\/\/agfluechtlingshilfe.org\/index.php?rest_route=\/wp\/v2\/posts\/692\/revisions"}],"predecessor-version":[{"id":694,"href":"https:\/\/agfluechtlingshilfe.org\/index.php?rest_route=\/wp\/v2\/posts\/692\/revisions\/694"}],"wp:attachment":[{"href":"https:\/\/agfluechtlingshilfe.org\/index.php?rest_route=%2Fwp%2Fv2%2Fmedia&parent=692"}],"wp:term":[{"taxonomy":"category","embeddable":true,"href":"https:\/\/agfluechtlingshilfe.org\/index.php?rest_route=%2Fwp%2Fv2%2Fcategories&post=692"},{"taxonomy":"post_tag","embeddable":true,"href":"https:\/\/agfluechtlingshilfe.org\/index.php?rest_route=%2Fwp%2Fv2%2Ftags&post=692"}],"curies":[{"name":"wp","href":"https:\/\/api.w.org\/{rel}","templated":true}]}}