{"id":608,"date":"2018-03-04T18:26:54","date_gmt":"2018-03-04T17:26:54","guid":{"rendered":"http:\/\/agfluechtlingshilfe.org\/?p=608"},"modified":"2018-03-03T10:32:23","modified_gmt":"2018-03-03T09:32:23","slug":"ein-herz-fuer-kinder-ehrenamtliche-helfer-fuer-unsere-kinderbetreuung-gesucht","status":"publish","type":"post","link":"https:\/\/agfluechtlingshilfe.org\/?p=608","title":{"rendered":"Ein Herz f\u00fcr Kinder: ehrenamtliche Helfer f\u00fcr unsere Kinderbetreuung gesucht"},"content":{"rendered":"<p>Seit Bestehen unseres Sprachkurses in der Gemeinschaftsunterkunft im Vilmer Weg organisieren wir dort zeitgleich eine Kinderbetreuung, um den Eltern den Besuch des Sprachkurses zu erleichtern. Nat\u00fcrlich ist die Kinderbetreuung auch f\u00fcr alle anderen Kinder offen!<\/p>\n<p>Von Anfang an haben die Kinder dieses Angebot mit gro\u00dfer Begeisterung angenommen und zurzeit gibt es auch noch ein zus\u00e4tzliches Highlight: wir haben tolle Unterst\u00fctzung aus dem <a href=\"http:\/\/www.stic-er.de\/\" target=\"_blank\" rel=\"noopener\">STiC-er Theater<\/a> erhalten!<\/p>\n<p>Aber wir suchen auch aktuell noch weitere ehrenamtliche Helfer, also meldet euch gerne unter <a href=\"mailto:info@agfluechtlingshilfe.org\">info@agfluechtlingshilfe.org<\/a><\/p>\n<p><img loading=\"lazy\" decoding=\"async\" data-attachment-id=\"615\" data-permalink=\"https:\/\/agfluechtlingshilfe.org\/?attachment_id=615\" data-orig-file=\"https:\/\/i0.wp.com\/agfluechtlingshilfe.org\/wp-content\/uploads\/2018\/03\/23668900_1954843744834905_8662036537170567425_o.jpeg?fit=642%2C661&amp;ssl=1\" data-orig-size=\"642,661\" data-comments-opened=\"0\" data-image-meta=\"{&quot;aperture&quot;:&quot;0&quot;,&quot;credit&quot;:&quot;&quot;,&quot;camera&quot;:&quot;&quot;,&quot;caption&quot;:&quot;&quot;,&quot;created_timestamp&quot;:&quot;0&quot;,&quot;copyright&quot;:&quot;&quot;,&quot;focal_length&quot;:&quot;0&quot;,&quot;iso&quot;:&quot;0&quot;,&quot;shutter_speed&quot;:&quot;0&quot;,&quot;title&quot;:&quot;&quot;,&quot;orientation&quot;:&quot;0&quot;}\" data-image-title=\"23668900_1954843744834905_8662036537170567425_o\" data-image-description=\"\" data-image-caption=\"\" data-medium-file=\"https:\/\/i0.wp.com\/agfluechtlingshilfe.org\/wp-content\/uploads\/2018\/03\/23668900_1954843744834905_8662036537170567425_o.jpeg?fit=291%2C300&amp;ssl=1\" data-large-file=\"https:\/\/i0.wp.com\/agfluechtlingshilfe.org\/wp-content\/uploads\/2018\/03\/23668900_1954843744834905_8662036537170567425_o.jpeg?fit=642%2C661&amp;ssl=1\" class=\"alignnone size-full wp-image-615\" src=\"https:\/\/i0.wp.com\/agfluechtlingshilfe.org\/wp-content\/uploads\/2018\/03\/23668900_1954843744834905_8662036537170567425_o.jpeg?resize=642%2C661\" alt=\"\" width=\"642\" height=\"661\" srcset=\"https:\/\/i0.wp.com\/agfluechtlingshilfe.org\/wp-content\/uploads\/2018\/03\/23668900_1954843744834905_8662036537170567425_o.jpeg?w=642&amp;ssl=1 642w, https:\/\/i0.wp.com\/agfluechtlingshilfe.org\/wp-content\/uploads\/2018\/03\/23668900_1954843744834905_8662036537170567425_o.jpeg?resize=291%2C300&amp;ssl=1 291w\" sizes=\"auto, (max-width: 642px) 100vw, 642px\" data-recalc-dims=\"1\" \/><\/p>\n","protected":false},"excerpt":{"rendered":"<p>Seit Bestehen unseres Sprachkurses in der Gemeinschaftsunterkunft im Vilmer Weg organisieren wir dort zeitgleich eine Kinderbetreuung, um den Eltern den Besuch des Sprachkurses zu erleichtern. Nat\u00fcrlich ist die Kinderbetreuung auch f\u00fcr alle anderen Kinder offen! Von Anfang an haben die Kinder dieses Angebot mit gro\u00dfer Begeisterung angenommen und zurzeit gibt es auch noch ein zus\u00e4tzliches &hellip; <a href=\"https:\/\/agfluechtlingshilfe.org\/?p=608\" class=\"more-link\"><span class=\"screen-reader-text\">Ein Herz f\u00fcr Kinder: ehrenamtliche Helfer f\u00fcr unsere Kinderbetreuung gesucht<\/span> weiterlesen<\/a><\/p>\n","protected":false},"author":1,"featured_media":0,"comment_status":"closed","ping_status":"closed","sticky":false,"template":"","format":"standard","meta":{"footnotes":"","jetpack_publicize_message":"","jetpack_is_tweetstorm":false,"jetpack_publicize_feature_enabled":true,"jetpack_social_post_already_shared":true,"jetpack_social_options":{"image_generator_settings":{"template":"highway","enabled":false}}},"categories":[1],"tags":[],"class_list":["post-608","post","type-post","status-publish","format-standard","hentry","category-aktuelles"],"jetpack_publicize_connections":[],"jetpack_featured_media_url":"","jetpack_sharing_enabled":true,"jetpack_shortlink":"https:\/\/wp.me\/p8ejgX-9O","jetpack-related-posts":[{"id":1164,"url":"https:\/\/agfluechtlingshilfe.org\/?p=1164","url_meta":{"origin":608,"position":0},"title":"Unsere neuen Projekte suchen Helfer!","author":"agfluechtlingshilfehst","date":"23. M\u00e4rz 2022","format":false,"excerpt":"Nach zwei sehr effektiven Planungstreffen mit vielen neuen Helfern kann es jetzt losgehen. Wir suchen aber noch dringend ehrenamtliche Helfer, die uns in unseren Projekten unterst\u00fctzen, damit diese zuverl\u00e4ssig und dauerhaft in die Tat umgesetzt werden k\u00f6nnen. Wir starten die folgenden Projekte nicht nur aus Anlass der hohen Fl\u00fcchtlingszahlen aus\u2026","rel":"","context":"In &quot;Aktuelles&quot;","block_context":{"text":"Aktuelles","link":"https:\/\/agfluechtlingshilfe.org\/?cat=1"},"img":{"alt_text":"","src":"https:\/\/i0.wp.com\/agfluechtlingshilfe.org\/wp-content\/uploads\/2022\/03\/ProjektBilder2022_3.png?resize=350%2C200&ssl=1","width":350,"height":200,"srcset":"https:\/\/i0.wp.com\/agfluechtlingshilfe.org\/wp-content\/uploads\/2022\/03\/ProjektBilder2022_3.png?resize=350%2C200&ssl=1 1x, https:\/\/i0.wp.com\/agfluechtlingshilfe.org\/wp-content\/uploads\/2022\/03\/ProjektBilder2022_3.png?resize=525%2C300&ssl=1 1.5x, https:\/\/i0.wp.com\/agfluechtlingshilfe.org\/wp-content\/uploads\/2022\/03\/ProjektBilder2022_3.png?resize=700%2C400&ssl=1 2x"},"classes":[]},{"id":710,"url":"https:\/\/agfluechtlingshilfe.org\/?p=710","url_meta":{"origin":608,"position":1},"title":"Sommerpause der Kinderbetreuung auf dem D\u00e4nholm endet &#8230;","author":"agfluechtlingshilfehst","date":"17. August 2018","format":false,"excerpt":"...mit dem Beginn des neuen Schuljahres, startet auch unsere Kinderbetreuung auf dem D\u00e4nholm in ein neues Jahr. Aufgrund eines Auslandsjahres haben wir leider ein Teammitglied vor\u00fcbergehend verloren und suchen darum dringend nach ein oder zwei neuen Helfern. Wer Lust und Zeit hat, um Kindern in einer fremden Umgebung ein paar\u2026","rel":"","context":"In &quot;Aktuelles&quot;","block_context":{"text":"Aktuelles","link":"https:\/\/agfluechtlingshilfe.org\/?cat=1"},"img":{"alt_text":"","src":"https:\/\/i0.wp.com\/agfluechtlingshilfe.org\/wp-content\/uploads\/2018\/08\/kinderspiele-zum-spielen-im-freien_FREMDQUELLE.jpg?resize=350%2C200","width":350,"height":200,"srcset":"https:\/\/i0.wp.com\/agfluechtlingshilfe.org\/wp-content\/uploads\/2018\/08\/kinderspiele-zum-spielen-im-freien_FREMDQUELLE.jpg?resize=350%2C200 1x, https:\/\/i0.wp.com\/agfluechtlingshilfe.org\/wp-content\/uploads\/2018\/08\/kinderspiele-zum-spielen-im-freien_FREMDQUELLE.jpg?resize=525%2C300 1.5x"},"classes":[]},{"id":1378,"url":"https:\/\/agfluechtlingshilfe.org\/?p=1378","url_meta":{"origin":608,"position":2},"title":"Inzwischen eine sch\u00f6ne Tradition: die allj\u00e4hrliche Kinder-Bescherung auf dem D\u00e4nholm","author":"agfluechtlingshilfehst","date":"11. Januar 2026","format":false,"excerpt":"Seit Bestehen des Vereins engagieren sich einige unserer Mitglieder in der Kinderbetreuung in den Gemeinschaftsunterk\u00fcnften auf dem D\u00e4nholm und initiieren dort f\u00fcr diese Kinder auch seit vielen Jahren kurz vor Weihnachten eine weihnachtliche Bescherung mit Geschenken f\u00fcr alle. Um dies zu erm\u00f6glichen besorgt Marion immer wieder tolle und dennoch m\u00f6glichst\u2026","rel":"","context":"In &quot;Aktuelles&quot;","block_context":{"text":"Aktuelles","link":"https:\/\/agfluechtlingshilfe.org\/?cat=1"},"img":{"alt_text":"","src":"https:\/\/i0.wp.com\/agfluechtlingshilfe.org\/wp-content\/uploads\/2026\/01\/signal-2025-12-11-18-21-29-118.jpg?fit=1200%2C538&ssl=1&resize=350%2C200","width":350,"height":200,"srcset":"https:\/\/i0.wp.com\/agfluechtlingshilfe.org\/wp-content\/uploads\/2026\/01\/signal-2025-12-11-18-21-29-118.jpg?fit=1200%2C538&ssl=1&resize=350%2C200 1x, https:\/\/i0.wp.com\/agfluechtlingshilfe.org\/wp-content\/uploads\/2026\/01\/signal-2025-12-11-18-21-29-118.jpg?fit=1200%2C538&ssl=1&resize=525%2C300 1.5x, https:\/\/i0.wp.com\/agfluechtlingshilfe.org\/wp-content\/uploads\/2026\/01\/signal-2025-12-11-18-21-29-118.jpg?fit=1200%2C538&ssl=1&resize=700%2C400 2x, https:\/\/i0.wp.com\/agfluechtlingshilfe.org\/wp-content\/uploads\/2026\/01\/signal-2025-12-11-18-21-29-118.jpg?fit=1200%2C538&ssl=1&resize=1050%2C600 3x"},"classes":[]},{"id":707,"url":"https:\/\/agfluechtlingshilfe.org\/?p=707","url_meta":{"origin":608,"position":3},"title":"Helfer gesucht: unsere Kinderbetreuung sucht aktive Unterst\u00fctzung!","author":"agfluechtlingshilfehst","date":"2. August 2018","format":false,"excerpt":"Das beste Rezept um sich gut zu f\u00fchlen: Kindern unkompliziert eine gute Zeit erm\u00f6glichen! Unser aktuelles Team vor Ort ist aufgrund des Auslandsjahres eines Mitglieds leider geschrumpft und braucht dringend Unterst\u00fctzung. Wer also Lust und Zeit hat, alle ein bis zwei Wochen f\u00fcr ca. 2 Stunden in der Gemeinschaftsunterkunft auf\u2026","rel":"","context":"In &quot;Aktuelles&quot;","block_context":{"text":"Aktuelles","link":"https:\/\/agfluechtlingshilfe.org\/?cat=1"},"img":{"alt_text":"","src":"https:\/\/i0.wp.com\/agfluechtlingshilfe.org\/wp-content\/uploads\/2018\/03\/23668900_1954843744834905_8662036537170567425_o.jpeg?resize=350%2C200","width":350,"height":200,"srcset":"https:\/\/i0.wp.com\/agfluechtlingshilfe.org\/wp-content\/uploads\/2018\/03\/23668900_1954843744834905_8662036537170567425_o.jpeg?resize=350%2C200 1x, https:\/\/i0.wp.com\/agfluechtlingshilfe.org\/wp-content\/uploads\/2018\/03\/23668900_1954843744834905_8662036537170567425_o.jpeg?resize=525%2C300 1.5x"},"classes":[]},{"id":1349,"url":"https:\/\/agfluechtlingshilfe.org\/?p=1349","url_meta":{"origin":608,"position":4},"title":"Wir waren Teil der NDR-Nordstory","author":"agfluechtlingshilfehst","date":"7. Oktober 2023","format":false,"excerpt":"Am 15.09.2023 waren wir mit unserer Fahrradwerkstatt in der NDR Nordstory dabei. J\u00fcrgen und seine Helfer haben ihre Arbeit und Motivation wirklich gut r\u00fcber gebracht und die Resonanz auf den Beitrag war bisher auch schon sehr erfreulich. Wer es verpasst hat, kann den Beitrag hier abrufen und anschauen: Auch weiterhin\u2026","rel":"","context":"In &quot;Aktuelles&quot;","block_context":{"text":"Aktuelles","link":"https:\/\/agfluechtlingshilfe.org\/?cat=1"},"img":{"alt_text":"","src":"https:\/\/i0.wp.com\/agfluechtlingshilfe.org\/wp-content\/uploads\/2023\/10\/NDR-BeitragBildRes.png?resize=350%2C200&ssl=1","width":350,"height":200},"classes":[]},{"id":467,"url":"https:\/\/agfluechtlingshilfe.org\/?p=467","url_meta":{"origin":608,"position":5},"title":"DRK-Team gewinnt und spendet&#8230;","author":"agfluechtlingshilfehst","date":"22. Juli 2017","format":false,"excerpt":"...wir sagen DANKE!!! Das war ein tolle \u00dcberraschung: das DRK Sanit\u00e4terteam\u00a0 des KV R\u00fcgen\/ Bereitschaft Stralsund wurde mit seinem Foto nicht nur zum Gewinner der Fotoaktion von Claas Abraham auf dem Campus Spektakel erkoren, sie spendeten ihren Preis postwendend unserer Fahrradwerkstatt. Der Preis war n\u00e4mlich ein Gutschein f\u00fcr den Fahrradhandel\u2026","rel":"","context":"In &quot;Aktuelles&quot;","block_context":{"text":"Aktuelles","link":"https:\/\/agfluechtlingshilfe.org\/?cat=1"},"img":{"alt_text":"","src":"https:\/\/i0.wp.com\/agfluechtlingshilfe.org\/wp-content\/uploads\/2017\/07\/DRK_Gewinnerbild.jpg?resize=350%2C200","width":350,"height":200,"srcset":"https:\/\/i0.wp.com\/agfluechtlingshilfe.org\/wp-content\/uploads\/2017\/07\/DRK_Gewinnerbild.jpg?resize=350%2C200 1x, https:\/\/i0.wp.com\/agfluechtlingshilfe.org\/wp-content\/uploads\/2017\/07\/DRK_Gewinnerbild.jpg?resize=525%2C300 1.5x, https:\/\/i0.wp.com\/agfluechtlingshilfe.org\/wp-content\/uploads\/2017\/07\/DRK_Gewinnerbild.jpg?resize=700%2C400 2x, https:\/\/i0.wp.com\/agfluechtlingshilfe.org\/wp-content\/uploads\/2017\/07\/DRK_Gewinnerbild.jpg?resize=1050%2C600 3x, https:\/\/i0.wp.com\/agfluechtlingshilfe.org\/wp-content\/uploads\/2017\/07\/DRK_Gewinnerbild.jpg?resize=1400%2C800 4x"},"classes":[]}],"jetpack_likes_enabled":true,"_links":{"self":[{"href":"https:\/\/agfluechtlingshilfe.org\/index.php?rest_route=\/wp\/v2\/posts\/608","targetHints":{"allow":["GET"]}}],"collection":[{"href":"https:\/\/agfluechtlingshilfe.org\/index.php?rest_route=\/wp\/v2\/posts"}],"about":[{"href":"https:\/\/agfluechtlingshilfe.org\/index.php?rest_route=\/wp\/v2\/types\/post"}],"author":[{"embeddable":true,"href":"https:\/\/agfluechtlingshilfe.org\/index.php?rest_route=\/wp\/v2\/users\/1"}],"replies":[{"embeddable":true,"href":"https:\/\/agfluechtlingshilfe.org\/index.php?rest_route=%2Fwp%2Fv2%2Fcomments&post=608"}],"version-history":[{"count":5,"href":"https:\/\/agfluechtlingshilfe.org\/index.php?rest_route=\/wp\/v2\/posts\/608\/revisions"}],"predecessor-version":[{"id":617,"href":"https:\/\/agfluechtlingshilfe.org\/index.php?rest_route=\/wp\/v2\/posts\/608\/revisions\/617"}],"wp:attachment":[{"href":"https:\/\/agfluechtlingshilfe.org\/index.php?rest_route=%2Fwp%2Fv2%2Fmedia&parent=608"}],"wp:term":[{"taxonomy":"category","embeddable":true,"href":"https:\/\/agfluechtlingshilfe.org\/index.php?rest_route=%2Fwp%2Fv2%2Fcategories&post=608"},{"taxonomy":"post_tag","embeddable":true,"href":"https:\/\/agfluechtlingshilfe.org\/index.php?rest_route=%2Fwp%2Fv2%2Ftags&post=608"}],"curies":[{"name":"wp","href":"https:\/\/api.w.org\/{rel}","templated":true}]}}