{"id":587,"date":"2018-03-04T08:51:52","date_gmt":"2018-03-04T07:51:52","guid":{"rendered":"http:\/\/agfluechtlingshilfe.org\/?p=587"},"modified":"2018-03-03T09:00:14","modified_gmt":"2018-03-03T08:00:14","slug":"interkulturelles-training-du-bist-anders-ich-aber-auch","status":"publish","type":"post","link":"https:\/\/agfluechtlingshilfe.org\/?p=587","title":{"rendered":"Interkulturelles Training: du bist anders&#8230;.ich aber auch"},"content":{"rendered":"<p>Das KdW und seine Kooperationspartner laden junge Menschen wieder zu einem Interkulturellen Training ein.<\/p>\n<p>IKT Einladung junge Leute 10.03.18 <img loading=\"lazy\" decoding=\"async\" data-attachment-id=\"590\" data-permalink=\"https:\/\/agfluechtlingshilfe.org\/?attachment_id=590\" data-orig-file=\"https:\/\/i0.wp.com\/agfluechtlingshilfe.org\/wp-content\/uploads\/2018\/03\/IKT-Einladung-junge-Leute-10.03.18.jpg?fit=826%2C1169&amp;ssl=1\" data-orig-size=\"826,1169\" data-comments-opened=\"0\" data-image-meta=\"{&quot;aperture&quot;:&quot;0&quot;,&quot;credit&quot;:&quot;&quot;,&quot;camera&quot;:&quot;&quot;,&quot;caption&quot;:&quot;&quot;,&quot;created_timestamp&quot;:&quot;0&quot;,&quot;copyright&quot;:&quot;&quot;,&quot;focal_length&quot;:&quot;0&quot;,&quot;iso&quot;:&quot;0&quot;,&quot;shutter_speed&quot;:&quot;0&quot;,&quot;title&quot;:&quot;&quot;,&quot;orientation&quot;:&quot;0&quot;}\" data-image-title=\"IKT Einladung junge Leute 10.03.18\" data-image-description=\"\" data-image-caption=\"\" data-medium-file=\"https:\/\/i0.wp.com\/agfluechtlingshilfe.org\/wp-content\/uploads\/2018\/03\/IKT-Einladung-junge-Leute-10.03.18.jpg?fit=212%2C300&amp;ssl=1\" data-large-file=\"https:\/\/i0.wp.com\/agfluechtlingshilfe.org\/wp-content\/uploads\/2018\/03\/IKT-Einladung-junge-Leute-10.03.18.jpg?fit=660%2C933&amp;ssl=1\" class=\"alignnone size-full wp-image-590\" src=\"https:\/\/i0.wp.com\/agfluechtlingshilfe.org\/wp-content\/uploads\/2018\/03\/IKT-Einladung-junge-Leute-10.03.18.jpg?resize=660%2C934\" alt=\"\" width=\"660\" height=\"934\" srcset=\"https:\/\/i0.wp.com\/agfluechtlingshilfe.org\/wp-content\/uploads\/2018\/03\/IKT-Einladung-junge-Leute-10.03.18.jpg?w=826&amp;ssl=1 826w, https:\/\/i0.wp.com\/agfluechtlingshilfe.org\/wp-content\/uploads\/2018\/03\/IKT-Einladung-junge-Leute-10.03.18.jpg?resize=212%2C300&amp;ssl=1 212w, https:\/\/i0.wp.com\/agfluechtlingshilfe.org\/wp-content\/uploads\/2018\/03\/IKT-Einladung-junge-Leute-10.03.18.jpg?resize=768%2C1087&amp;ssl=1 768w, https:\/\/i0.wp.com\/agfluechtlingshilfe.org\/wp-content\/uploads\/2018\/03\/IKT-Einladung-junge-Leute-10.03.18.jpg?resize=724%2C1024&amp;ssl=1 724w\" sizes=\"auto, (max-width: 660px) 100vw, 660px\" data-recalc-dims=\"1\" \/><\/p>\n","protected":false},"excerpt":{"rendered":"<p>Das KdW und seine Kooperationspartner laden junge Menschen wieder zu einem Interkulturellen Training ein. IKT Einladung junge Leute 10.03.18<\/p>\n","protected":false},"author":1,"featured_media":0,"comment_status":"closed","ping_status":"closed","sticky":false,"template":"","format":"standard","meta":{"footnotes":"","jetpack_publicize_message":"","jetpack_is_tweetstorm":false,"jetpack_publicize_feature_enabled":true,"jetpack_social_post_already_shared":true,"jetpack_social_options":{"image_generator_settings":{"template":"highway","enabled":false}}},"categories":[1],"tags":[],"class_list":["post-587","post","type-post","status-publish","format-standard","hentry","category-aktuelles"],"jetpack_publicize_connections":[],"jetpack_featured_media_url":"","jetpack_sharing_enabled":true,"jetpack_shortlink":"https:\/\/wp.me\/p8ejgX-9t","jetpack-related-posts":[{"id":551,"url":"https:\/\/agfluechtlingshilfe.org\/?p=551","url_meta":{"origin":587,"position":0},"title":"Eine neue Theater AG f\u00fcr Jugendliche und jungen Erwachsenen in Stralsund am STiC-er Theater","author":"agfluechtlingshilfehst","date":"25. Oktober 2017","format":false,"excerpt":"HEUTE geht es mit dem 1. Treffen los! Bist du \u00fcber 16 und hast Lust dich theatral auszuprobieren? Komm und schnupper rein! Egal ob mit oder ohne B\u00fchnenerfahrung - auf geht's, auf geht's!! HEUTE (25.10.17) um 18:00 im STiC-er Theater in der oberen Probeb\u00fchne findet das allererste Treffen der neuen\u2026","rel":"","context":"In &quot;Aktuelles&quot;","block_context":{"text":"Aktuelles","link":"https:\/\/agfluechtlingshilfe.org\/?cat=1"},"img":{"alt_text":"","src":"https:\/\/i0.wp.com\/agfluechtlingshilfe.org\/wp-content\/uploads\/2017\/10\/IMG_20171024_113010_567.jpg?resize=350%2C200","width":350,"height":200,"srcset":"https:\/\/i0.wp.com\/agfluechtlingshilfe.org\/wp-content\/uploads\/2017\/10\/IMG_20171024_113010_567.jpg?resize=350%2C200 1x, https:\/\/i0.wp.com\/agfluechtlingshilfe.org\/wp-content\/uploads\/2017\/10\/IMG_20171024_113010_567.jpg?resize=525%2C300 1.5x, https:\/\/i0.wp.com\/agfluechtlingshilfe.org\/wp-content\/uploads\/2017\/10\/IMG_20171024_113010_567.jpg?resize=700%2C400 2x, https:\/\/i0.wp.com\/agfluechtlingshilfe.org\/wp-content\/uploads\/2017\/10\/IMG_20171024_113010_567.jpg?resize=1050%2C600 3x, https:\/\/i0.wp.com\/agfluechtlingshilfe.org\/wp-content\/uploads\/2017\/10\/IMG_20171024_113010_567.jpg?resize=1400%2C800 4x"},"classes":[]}],"jetpack_likes_enabled":true,"_links":{"self":[{"href":"https:\/\/agfluechtlingshilfe.org\/index.php?rest_route=\/wp\/v2\/posts\/587","targetHints":{"allow":["GET"]}}],"collection":[{"href":"https:\/\/agfluechtlingshilfe.org\/index.php?rest_route=\/wp\/v2\/posts"}],"about":[{"href":"https:\/\/agfluechtlingshilfe.org\/index.php?rest_route=\/wp\/v2\/types\/post"}],"author":[{"embeddable":true,"href":"https:\/\/agfluechtlingshilfe.org\/index.php?rest_route=\/wp\/v2\/users\/1"}],"replies":[{"embeddable":true,"href":"https:\/\/agfluechtlingshilfe.org\/index.php?rest_route=%2Fwp%2Fv2%2Fcomments&post=587"}],"version-history":[{"count":1,"href":"https:\/\/agfluechtlingshilfe.org\/index.php?rest_route=\/wp\/v2\/posts\/587\/revisions"}],"predecessor-version":[{"id":591,"href":"https:\/\/agfluechtlingshilfe.org\/index.php?rest_route=\/wp\/v2\/posts\/587\/revisions\/591"}],"wp:attachment":[{"href":"https:\/\/agfluechtlingshilfe.org\/index.php?rest_route=%2Fwp%2Fv2%2Fmedia&parent=587"}],"wp:term":[{"taxonomy":"category","embeddable":true,"href":"https:\/\/agfluechtlingshilfe.org\/index.php?rest_route=%2Fwp%2Fv2%2Fcategories&post=587"},{"taxonomy":"post_tag","embeddable":true,"href":"https:\/\/agfluechtlingshilfe.org\/index.php?rest_route=%2Fwp%2Fv2%2Ftags&post=587"}],"curies":[{"name":"wp","href":"https:\/\/api.w.org\/{rel}","templated":true}]}}