{"id":578,"date":"2018-01-07T10:00:56","date_gmt":"2018-01-07T09:00:56","guid":{"rendered":"http:\/\/agfluechtlingshilfe.org\/?p=578"},"modified":"2018-01-06T10:15:35","modified_gmt":"2018-01-06T09:15:35","slug":"ndr-wuerdigt-tolle-arbeit-im-jugendtreff","status":"publish","type":"post","link":"https:\/\/agfluechtlingshilfe.org\/?p=578","title":{"rendered":"NDR w\u00fcrdigt tolle Arbeit im Jugendtreff&#8230;"},"content":{"rendered":"<p>&#8230;wir freuen uns, dass die wirklich herausragende Arbeit von Thomas G\u00fcrgen und der Auferstehungsgemeinde in Gr\u00fcnhufe in diesem NDR-Beitrag nicht nur \u00f6ffentlich gemacht wird, sondern die schon seit \u00fcber einem Jahr akute personelle Unterversorgung in diesem wichtige Bereich deutlich gemacht wird.<\/p>\n<p>Neue (und alte) Studien und Statistiken zeigen auf, wie wichtig diese Art der Sozialarbeit und Sozialraumbetreuung f\u00fcr eine gute Integration und f\u00fcr die Pr\u00e4vention von Jugendkriminalit\u00e4t ist. Bleibt zu hoffen, dass sich die Verantwortlichen ein Herz fassen und endlich Stellen schaffen, mit denen langfristig und kompetent dieser Bereich sozialer Arbeit gew\u00e4hrleistet werden kann. Insbesondere auch, weil das f\u00fcr die besorgten Nachbarn in Gr\u00fcnhufe ein erkennbares Signal w\u00e4re, dass sich gek\u00fcmmert wird und sie mit diesen neuen Herausforderungen in ihrem Viertel nicht allein gelassen werden.<\/p>\n<p>2018 wird zeigen, ob es bei Appellen und W\u00fcnschen bleibt oder ob der Realit\u00e4t ins Gesicht geschaut wird.<\/p>\n<p><a href=\"https:\/\/www.ndr.de\/fernsehen\/sendungen\/nordmagazin\/Jugendtreff-in-Stralsund-platzt-aus-Naehten,nordmagazin48074.html\">NDR-Beitrag zum Jugendtreff Stralsund<\/a><\/p>\n","protected":false},"excerpt":{"rendered":"<p>&#8230;wir freuen uns, dass die wirklich herausragende Arbeit von Thomas G\u00fcrgen und der Auferstehungsgemeinde in Gr\u00fcnhufe in diesem NDR-Beitrag nicht nur \u00f6ffentlich gemacht wird, sondern die schon seit \u00fcber einem Jahr akute personelle Unterversorgung in diesem wichtige Bereich deutlich gemacht wird. Neue (und alte) Studien und Statistiken zeigen auf, wie wichtig diese Art der Sozialarbeit &hellip; <a href=\"https:\/\/agfluechtlingshilfe.org\/?p=578\" class=\"more-link\"><span class=\"screen-reader-text\">NDR w\u00fcrdigt tolle Arbeit im Jugendtreff&#8230;<\/span> weiterlesen<\/a><\/p>\n","protected":false},"author":1,"featured_media":0,"comment_status":"closed","ping_status":"closed","sticky":false,"template":"","format":"standard","meta":{"footnotes":"","jetpack_publicize_message":"","jetpack_is_tweetstorm":false,"jetpack_publicize_feature_enabled":true,"jetpack_social_post_already_shared":true,"jetpack_social_options":{"image_generator_settings":{"template":"highway","enabled":false}}},"categories":[1],"tags":[],"class_list":["post-578","post","type-post","status-publish","format-standard","hentry","category-aktuelles"],"jetpack_publicize_connections":[],"jetpack_featured_media_url":"","jetpack_sharing_enabled":true,"jetpack_shortlink":"https:\/\/wp.me\/p8ejgX-9k","jetpack-related-posts":[{"id":1349,"url":"https:\/\/agfluechtlingshilfe.org\/?p=1349","url_meta":{"origin":578,"position":0},"title":"Wir waren Teil der NDR-Nordstory","author":"agfluechtlingshilfehst","date":"7. Oktober 2023","format":false,"excerpt":"Am 15.09.2023 waren wir mit unserer Fahrradwerkstatt in der NDR Nordstory dabei. J\u00fcrgen und seine Helfer haben ihre Arbeit und Motivation wirklich gut r\u00fcber gebracht und die Resonanz auf den Beitrag war bisher auch schon sehr erfreulich. Wer es verpasst hat, kann den Beitrag hier abrufen und anschauen: Auch weiterhin\u2026","rel":"","context":"In &quot;Aktuelles&quot;","block_context":{"text":"Aktuelles","link":"https:\/\/agfluechtlingshilfe.org\/?cat=1"},"img":{"alt_text":"","src":"https:\/\/i0.wp.com\/agfluechtlingshilfe.org\/wp-content\/uploads\/2023\/10\/NDR-BeitragBildRes.png?resize=350%2C200&ssl=1","width":350,"height":200},"classes":[]},{"id":1145,"url":"https:\/\/agfluechtlingshilfe.org\/?p=1145","url_meta":{"origin":578,"position":1},"title":"Ein guter Start&#8230;","author":"agfluechtlingshilfehst","date":"12. M\u00e4rz 2022","format":false,"excerpt":"... war das Kick-Off Treffen am Freitagabend den 11.3.2022 auf jeden Fall schon mal! 28 Menschen waren unserer Einladung gefolgt und in die Sporthalle der Goethe-Schule gekommen. Wir haben uns riesig \u00fcber die wirklich positive Stimmung und die engagierte, aktive Arbeit gefreut, die alle an diesem Abend mit eingebracht haben.\u2026","rel":"","context":"In &quot;Aktuelles&quot;","block_context":{"text":"Aktuelles","link":"https:\/\/agfluechtlingshilfe.org\/?cat=1"},"img":{"alt_text":"","src":"https:\/\/i0.wp.com\/agfluechtlingshilfe.org\/wp-content\/uploads\/2016\/12\/agfluechtlingshilfeLOGO.jpg?resize=350%2C200&ssl=1","width":350,"height":200},"classes":[]},{"id":421,"url":"https:\/\/agfluechtlingshilfe.org\/?p=421","url_meta":{"origin":578,"position":2},"title":"Ein Bericht zur 10. Ehrenamtsmesse im Stralsunder Rathaus am 1.April 2017","author":"agfluechtlingshilfehst","date":"21. April 2017","format":false,"excerpt":"Warum Ehrenamt? Warum zus\u00e4tzlich zu den allt\u00e4glichen Verpflichtungen eine weitere Aufgabe annehmen? Und dass in Zeiten, in denen man nie genug Zeit zu haben scheint? Inwiefern sich diese Fragen alle anderen Standbetreuer auf der Ehrenamtsmesse gestellt haben, vermag ich nicht zu sagen. Allein die Vielfalt all derer, die sich an\u2026","rel":"","context":"In &quot;Aktuelles&quot;","block_context":{"text":"Aktuelles","link":"https:\/\/agfluechtlingshilfe.org\/?cat=1"},"img":{"alt_text":"","src":"https:\/\/i0.wp.com\/agfluechtlingshilfe.org\/wp-content\/uploads\/2017\/04\/Ehrenamtsmesse.jpg?resize=350%2C200","width":350,"height":200,"srcset":"https:\/\/i0.wp.com\/agfluechtlingshilfe.org\/wp-content\/uploads\/2017\/04\/Ehrenamtsmesse.jpg?resize=350%2C200 1x, https:\/\/i0.wp.com\/agfluechtlingshilfe.org\/wp-content\/uploads\/2017\/04\/Ehrenamtsmesse.jpg?resize=525%2C300 1.5x, https:\/\/i0.wp.com\/agfluechtlingshilfe.org\/wp-content\/uploads\/2017\/04\/Ehrenamtsmesse.jpg?resize=700%2C400 2x, https:\/\/i0.wp.com\/agfluechtlingshilfe.org\/wp-content\/uploads\/2017\/04\/Ehrenamtsmesse.jpg?resize=1050%2C600 3x, https:\/\/i0.wp.com\/agfluechtlingshilfe.org\/wp-content\/uploads\/2017\/04\/Ehrenamtsmesse.jpg?resize=1400%2C800 4x"},"classes":[]},{"id":592,"url":"https:\/\/agfluechtlingshilfe.org\/?p=592","url_meta":{"origin":578,"position":3},"title":"Die Ladies-Lounge: ein Abend ohne Kinder und M\u00e4nner","author":"agfluechtlingshilfehst","date":"7. M\u00e4rz 2018","format":false,"excerpt":"Das KdW und seine Kooperationspartner veranstalten wieder eine Ladies-Lounge im Nachbarschaftszentrum Gr\u00fcnhufe.","rel":"","context":"In &quot;Aktuelles&quot;","block_context":{"text":"Aktuelles","link":"https:\/\/agfluechtlingshilfe.org\/?cat=1"},"img":{"alt_text":"","src":"https:\/\/i0.wp.com\/agfluechtlingshilfe.org\/wp-content\/uploads\/2018\/03\/Aushang-LL-2018_03_22.jpeg?resize=350%2C200","width":350,"height":200,"srcset":"https:\/\/i0.wp.com\/agfluechtlingshilfe.org\/wp-content\/uploads\/2018\/03\/Aushang-LL-2018_03_22.jpeg?resize=350%2C200 1x, https:\/\/i0.wp.com\/agfluechtlingshilfe.org\/wp-content\/uploads\/2018\/03\/Aushang-LL-2018_03_22.jpeg?resize=525%2C300 1.5x, https:\/\/i0.wp.com\/agfluechtlingshilfe.org\/wp-content\/uploads\/2018\/03\/Aushang-LL-2018_03_22.jpeg?resize=700%2C400 2x, https:\/\/i0.wp.com\/agfluechtlingshilfe.org\/wp-content\/uploads\/2018\/03\/Aushang-LL-2018_03_22.jpeg?resize=1050%2C600 3x"},"classes":[]},{"id":379,"url":"https:\/\/agfluechtlingshilfe.org\/?p=379","url_meta":{"origin":578,"position":4},"title":"Reaktion auf unseren offenen Brief","author":"agfluechtlingshilfehst","date":"15. Januar 2017","format":false,"excerpt":"Ein kurzes Update zu unserem offenen Brief an unseren Landrat Herrn Drescher. Herr Drescher hat sich umgehend bei uns gemeldet und wir werden ihn und seine Mitarbeiter am 26.1.2017 zu einem ersten Gespr\u00e4ch treffen. Wir freuen uns sehr auf diesen Dialog und sind uns sicher, dass auf diesem Weg die\u2026","rel":"","context":"In &quot;Aktuelles&quot;","block_context":{"text":"Aktuelles","link":"https:\/\/agfluechtlingshilfe.org\/?cat=1"},"img":{"alt_text":"","src":"","width":0,"height":0},"classes":[]},{"id":393,"url":"https:\/\/agfluechtlingshilfe.org\/?p=393","url_meta":{"origin":578,"position":5},"title":"Ehrenamt braucht \u00d6ffentlichkeit","author":"agfluechtlingshilfehst","date":"16. Februar 2017","format":false,"excerpt":"und aus diesem Grund finden wir es ein tolle M\u00f6glichkeit, dass die Mitmachzentrale des Landkreises in Kooperation mit dem Ostseeanzeiger Vereinen die Gelegenheit bietet, sich den Lesern dort vorzustellen. Diese Woche ist die AG Fl\u00fcchtlingshilfe dran. Und f\u00fcr alle die den Ostsee-Anzeiger nicht so regelm\u00e4\u00dfig lesen, teilen wir den Artikel\u2026","rel":"","context":"In &quot;Aktuelles&quot;","block_context":{"text":"Aktuelles","link":"https:\/\/agfluechtlingshilfe.org\/?cat=1"},"img":{"alt_text":"","src":"https:\/\/i0.wp.com\/agfluechtlingshilfe.org\/wp-content\/uploads\/2017\/02\/02_17_OstseeAnzeiger.jpg?resize=350%2C200","width":350,"height":200,"srcset":"https:\/\/i0.wp.com\/agfluechtlingshilfe.org\/wp-content\/uploads\/2017\/02\/02_17_OstseeAnzeiger.jpg?resize=350%2C200 1x, https:\/\/i0.wp.com\/agfluechtlingshilfe.org\/wp-content\/uploads\/2017\/02\/02_17_OstseeAnzeiger.jpg?resize=525%2C300 1.5x, https:\/\/i0.wp.com\/agfluechtlingshilfe.org\/wp-content\/uploads\/2017\/02\/02_17_OstseeAnzeiger.jpg?resize=700%2C400 2x, https:\/\/i0.wp.com\/agfluechtlingshilfe.org\/wp-content\/uploads\/2017\/02\/02_17_OstseeAnzeiger.jpg?resize=1050%2C600 3x"},"classes":[]}],"jetpack_likes_enabled":true,"_links":{"self":[{"href":"https:\/\/agfluechtlingshilfe.org\/index.php?rest_route=\/wp\/v2\/posts\/578","targetHints":{"allow":["GET"]}}],"collection":[{"href":"https:\/\/agfluechtlingshilfe.org\/index.php?rest_route=\/wp\/v2\/posts"}],"about":[{"href":"https:\/\/agfluechtlingshilfe.org\/index.php?rest_route=\/wp\/v2\/types\/post"}],"author":[{"embeddable":true,"href":"https:\/\/agfluechtlingshilfe.org\/index.php?rest_route=\/wp\/v2\/users\/1"}],"replies":[{"embeddable":true,"href":"https:\/\/agfluechtlingshilfe.org\/index.php?rest_route=%2Fwp%2Fv2%2Fcomments&post=578"}],"version-history":[{"count":2,"href":"https:\/\/agfluechtlingshilfe.org\/index.php?rest_route=\/wp\/v2\/posts\/578\/revisions"}],"predecessor-version":[{"id":580,"href":"https:\/\/agfluechtlingshilfe.org\/index.php?rest_route=\/wp\/v2\/posts\/578\/revisions\/580"}],"wp:attachment":[{"href":"https:\/\/agfluechtlingshilfe.org\/index.php?rest_route=%2Fwp%2Fv2%2Fmedia&parent=578"}],"wp:term":[{"taxonomy":"category","embeddable":true,"href":"https:\/\/agfluechtlingshilfe.org\/index.php?rest_route=%2Fwp%2Fv2%2Fcategories&post=578"},{"taxonomy":"post_tag","embeddable":true,"href":"https:\/\/agfluechtlingshilfe.org\/index.php?rest_route=%2Fwp%2Fv2%2Ftags&post=578"}],"curies":[{"name":"wp","href":"https:\/\/api.w.org\/{rel}","templated":true}]}}