{"id":575,"date":"2018-01-09T09:50:09","date_gmt":"2018-01-09T08:50:09","guid":{"rendered":"http:\/\/agfluechtlingshilfe.org\/?p=575"},"modified":"2018-01-06T09:55:14","modified_gmt":"2018-01-06T08:55:14","slug":"das-erste-begegnungscafe-in-2018","status":"publish","type":"post","link":"https:\/\/agfluechtlingshilfe.org\/?p=575","title":{"rendered":"Das erste Begegnungscaf\u00e9 in 2018 &#8230;"},"content":{"rendered":"<p>&#8230;am 12.01.2018 ab 15 Uhr findet das erste Begegnungscaf\u00e9 im neuen Jahr im Speicher am Katharinenberg statt.<\/p>\n<p>Wir freuen uns auf viele bekannte und hoffentlich auch neue Gesichter! Euer BC-Team \ud83d\ude42<\/p>\n<p><img loading=\"lazy\" decoding=\"async\" data-attachment-id=\"576\" data-permalink=\"https:\/\/agfluechtlingshilfe.org\/?attachment_id=576\" data-orig-file=\"https:\/\/i0.wp.com\/agfluechtlingshilfe.org\/wp-content\/uploads\/2018\/01\/IMG-20170910-WA0000.jpg?fit=1280%2C960&amp;ssl=1\" data-orig-size=\"1280,960\" data-comments-opened=\"0\" data-image-meta=\"{&quot;aperture&quot;:&quot;0&quot;,&quot;credit&quot;:&quot;&quot;,&quot;camera&quot;:&quot;&quot;,&quot;caption&quot;:&quot;&quot;,&quot;created_timestamp&quot;:&quot;0&quot;,&quot;copyright&quot;:&quot;&quot;,&quot;focal_length&quot;:&quot;0&quot;,&quot;iso&quot;:&quot;0&quot;,&quot;shutter_speed&quot;:&quot;0&quot;,&quot;title&quot;:&quot;&quot;,&quot;orientation&quot;:&quot;0&quot;}\" data-image-title=\"IMG-20170910-WA0000\" data-image-description=\"\" data-image-caption=\"\" data-medium-file=\"https:\/\/i0.wp.com\/agfluechtlingshilfe.org\/wp-content\/uploads\/2018\/01\/IMG-20170910-WA0000.jpg?fit=300%2C225&amp;ssl=1\" data-large-file=\"https:\/\/i0.wp.com\/agfluechtlingshilfe.org\/wp-content\/uploads\/2018\/01\/IMG-20170910-WA0000.jpg?fit=660%2C495&amp;ssl=1\" class=\"alignnone size-full wp-image-576\" src=\"https:\/\/i0.wp.com\/agfluechtlingshilfe.org\/wp-content\/uploads\/2018\/01\/IMG-20170910-WA0000.jpg?resize=660%2C495\" alt=\"\" width=\"660\" height=\"495\" srcset=\"https:\/\/i0.wp.com\/agfluechtlingshilfe.org\/wp-content\/uploads\/2018\/01\/IMG-20170910-WA0000.jpg?w=1280&amp;ssl=1 1280w, https:\/\/i0.wp.com\/agfluechtlingshilfe.org\/wp-content\/uploads\/2018\/01\/IMG-20170910-WA0000.jpg?resize=300%2C225&amp;ssl=1 300w, https:\/\/i0.wp.com\/agfluechtlingshilfe.org\/wp-content\/uploads\/2018\/01\/IMG-20170910-WA0000.jpg?resize=768%2C576&amp;ssl=1 768w, https:\/\/i0.wp.com\/agfluechtlingshilfe.org\/wp-content\/uploads\/2018\/01\/IMG-20170910-WA0000.jpg?resize=1024%2C768&amp;ssl=1 1024w\" sizes=\"auto, (max-width: 660px) 100vw, 660px\" data-recalc-dims=\"1\" \/><\/p>\n<p>&nbsp;<\/p>\n","protected":false},"excerpt":{"rendered":"<p>&#8230;am 12.01.2018 ab 15 Uhr findet das erste Begegnungscaf\u00e9 im neuen Jahr im Speicher am Katharinenberg statt. Wir freuen uns auf viele bekannte und hoffentlich auch neue Gesichter! Euer BC-Team \ud83d\ude42 &nbsp;<\/p>\n","protected":false},"author":1,"featured_media":0,"comment_status":"closed","ping_status":"closed","sticky":false,"template":"","format":"standard","meta":{"footnotes":"","jetpack_publicize_message":"","jetpack_is_tweetstorm":false,"jetpack_publicize_feature_enabled":true,"jetpack_social_post_already_shared":true,"jetpack_social_options":{"image_generator_settings":{"template":"highway","enabled":false}}},"categories":[1],"tags":[],"class_list":["post-575","post","type-post","status-publish","format-standard","hentry","category-aktuelles"],"jetpack_publicize_connections":[],"jetpack_featured_media_url":"","jetpack_sharing_enabled":true,"jetpack_shortlink":"https:\/\/wp.me\/p8ejgX-9h","jetpack-related-posts":[{"id":488,"url":"https:\/\/agfluechtlingshilfe.org\/?p=488","url_meta":{"origin":575,"position":0},"title":"Neuer Ort, neue Termine: das Begegnungscaf\u00e9 ist aus der Sommerpause zur\u00fcck!","author":"agfluechtlingshilfehst","date":"7. September 2017","format":false,"excerpt":"...die Sommerpause des Begegnungscaf\u00e9 geht zu Ende und die neuen Termine UND DER NEUE ORT stehen bereits fest! Aufgrund des Umzugs der VHS Stralsund ist es aktuell nicht mehr m\u00f6glich dort unser Begegnungscaf\u00e9 stattfinden zu lassen. Aus dieser Not ergab sich, wie so oft im Leben, eine neue Chance: Susanne\u2026","rel":"","context":"In &quot;Aktuelles&quot;","block_context":{"text":"Aktuelles","link":"https:\/\/agfluechtlingshilfe.org\/?cat=1"},"img":{"alt_text":"","src":"https:\/\/i0.wp.com\/agfluechtlingshilfe.org\/wp-content\/uploads\/2017\/08\/BC_NeueTermine2017_Flyer.jpg?resize=350%2C200","width":350,"height":200,"srcset":"https:\/\/i0.wp.com\/agfluechtlingshilfe.org\/wp-content\/uploads\/2017\/08\/BC_NeueTermine2017_Flyer.jpg?resize=350%2C200 1x, https:\/\/i0.wp.com\/agfluechtlingshilfe.org\/wp-content\/uploads\/2017\/08\/BC_NeueTermine2017_Flyer.jpg?resize=525%2C300 1.5x, https:\/\/i0.wp.com\/agfluechtlingshilfe.org\/wp-content\/uploads\/2017\/08\/BC_NeueTermine2017_Flyer.jpg?resize=700%2C400 2x, https:\/\/i0.wp.com\/agfluechtlingshilfe.org\/wp-content\/uploads\/2017\/08\/BC_NeueTermine2017_Flyer.jpg?resize=1050%2C600 3x, https:\/\/i0.wp.com\/agfluechtlingshilfe.org\/wp-content\/uploads\/2017\/08\/BC_NeueTermine2017_Flyer.jpg?resize=1400%2C800 4x"},"classes":[]},{"id":766,"url":"https:\/\/agfluechtlingshilfe.org\/?p=766","url_meta":{"origin":575,"position":1},"title":"Das BC schlie\u00dft seine Tore&#8230;auf zu Neuem","author":"agfluechtlingshilfehst","date":"16. Januar 2019","format":false,"excerpt":"Das Begegnungscaf\u00e9 war seit 2015 ein zentrales Projekt unseres Vereins, mit dessen Hilfe vor allem ein niedrigschwelliger erster Kontakt zwischen Alt- und Neub\u00fcrgern hergestellt werden konnte. Viele gute und hilfreiche Kontakte konnten in diesen Jahren gekn\u00fcpft werden und vor allem der Umgang auf Augenh\u00f6he miteinander war ein hervorstechendes Merkmal des\u2026","rel":"","context":"In &quot;Aktuelles&quot;","block_context":{"text":"Aktuelles","link":"https:\/\/agfluechtlingshilfe.org\/?cat=1"},"img":{"alt_text":"","src":"https:\/\/i0.wp.com\/agfluechtlingshilfe.org\/wp-content\/uploads\/2016\/12\/15135464_813248152149441_855279807_n.jpg?resize=350%2C200","width":350,"height":200,"srcset":"https:\/\/i0.wp.com\/agfluechtlingshilfe.org\/wp-content\/uploads\/2016\/12\/15135464_813248152149441_855279807_n.jpg?resize=350%2C200 1x, https:\/\/i0.wp.com\/agfluechtlingshilfe.org\/wp-content\/uploads\/2016\/12\/15135464_813248152149441_855279807_n.jpg?resize=525%2C300 1.5x, https:\/\/i0.wp.com\/agfluechtlingshilfe.org\/wp-content\/uploads\/2016\/12\/15135464_813248152149441_855279807_n.jpg?resize=700%2C400 2x"},"classes":[]},{"id":597,"url":"https:\/\/agfluechtlingshilfe.org\/?p=597","url_meta":{"origin":575,"position":2},"title":"Kleiner Bericht vom letzten Begegnungscaf\u00e9","author":"agfluechtlingshilfehst","date":"4. M\u00e4rz 2018","format":false,"excerpt":"\"Wau, was f\u00fcr ein BC das (dieses Mal) war... ...Susanne Tessendorf hat uns das Bleicheneck \u00fcberlassen und eine Servicehilfe (Anna) zur Seite gestellt. Was f\u00fcr ein Komfort! Viele Neue diesmal. Reinhard vom ADFC hat mit uns die Radtour am 07.04.18 besprochen. Walter vom ADFC h\u00e4lt n\u00e4chstes Mal einen Vortrag \u00fcber\u2026","rel":"","context":"In &quot;Aktuelles&quot;","block_context":{"text":"Aktuelles","link":"https:\/\/agfluechtlingshilfe.org\/?cat=1"},"img":{"alt_text":"","src":"","width":0,"height":0},"classes":[]},{"id":545,"url":"https:\/\/agfluechtlingshilfe.org\/?p=545","url_meta":{"origin":575,"position":3},"title":"Damaskus calling &#8211; Vortrag im Begegnungscaf\u00e9 am 6.10.17","author":"agfluechtlingshilfehst","date":"5. Oktober 2017","format":false,"excerpt":"Es ist wieder soweit, am 6.10.17 findet ein weiteres und ganz besonderes Begegnungscaf\u00e9 statt. Omar Alroumi wird einen Vortrag \u00fcber Damaskus halten! Ab 14 Uhr geht es los und Kleinigkeiten f\u00fcr den Gaumen d\u00fcrfen , wie immer, gerne mitgebracht. Bis Freitag also....Damaskus is calling :-) Suq Hamidyie, Damaskus. Quelle: http:\/\/www.geo.de\/reisen\/community\/bild\/631581\/Damaskus-Syrien-SYRIEN-2008-Im-Suq-Hamidiye-Damaskus","rel":"","context":"In &quot;Aktuelles&quot;","block_context":{"text":"Aktuelles","link":"https:\/\/agfluechtlingshilfe.org\/?cat=1"},"img":{"alt_text":"","src":"https:\/\/i0.wp.com\/agfluechtlingshilfe.org\/wp-content\/uploads\/2017\/10\/SYRIEN-2008-Im-Suq-Hamidiye-Damaskus.jpg?resize=350%2C200","width":350,"height":200,"srcset":"https:\/\/i0.wp.com\/agfluechtlingshilfe.org\/wp-content\/uploads\/2017\/10\/SYRIEN-2008-Im-Suq-Hamidiye-Damaskus.jpg?resize=350%2C200 1x, https:\/\/i0.wp.com\/agfluechtlingshilfe.org\/wp-content\/uploads\/2017\/10\/SYRIEN-2008-Im-Suq-Hamidiye-Damaskus.jpg?resize=525%2C300 1.5x"},"classes":[]},{"id":536,"url":"https:\/\/agfluechtlingshilfe.org\/?p=536","url_meta":{"origin":575,"position":4},"title":"MORGEN: Zeit f\u00fcr Begegnungen","author":"agfluechtlingshilfehst","date":"21. September 2017","format":false,"excerpt":"Es ist wieder Zeit f\u00fcr Begegnungen. Morgen, Freitag den 22.09.2017 von 14- 17 Uhr im Speicher am Katharinenberg findet das zweite Begegnungscaf\u00e9 seit der Sommerpause statt. F\u00fcr alle, die mal in die direkte Fl\u00fcchtlingshilfe hinein-schnuppern wollen, ist das ein toller erster Einstieg. Wir sind offen f\u00fcr alle und alles (gerne\u2026","rel":"","context":"In &quot;Aktuelles&quot;","block_context":{"text":"Aktuelles","link":"https:\/\/agfluechtlingshilfe.org\/?cat=1"},"img":{"alt_text":"","src":"","width":0,"height":0},"classes":[]},{"id":406,"url":"https:\/\/agfluechtlingshilfe.org\/?p=406","url_meta":{"origin":575,"position":5},"title":"Deutsche &#8222;Sparringspartner&#8220; f\u00fcr unser Begegnungscaf\u00e9 morgen gesucht&#8230;","author":"agfluechtlingshilfehst","date":"9. M\u00e4rz 2017","format":false,"excerpt":"Zwei Wochen sind schon wieder um und damit findet morgen wieder unser Begegnungscaf\u00e9 in der VHS Stralsund statt. Das letzte Mal waren etwas wenig deutschsprachige \"Trainingshelfer\" dabei. Damit unsere neuen Mitb\u00fcrger aber m\u00f6glichst viel Gelegenheit bekommen, ihre Sprachkenntnisse auszuprobieren, w\u00e4re es sch\u00f6n, wenn morgen noch der ein oder andere den\u2026","rel":"","context":"In &quot;Aktuelles&quot;","block_context":{"text":"Aktuelles","link":"https:\/\/agfluechtlingshilfe.org\/?cat=1"},"img":{"alt_text":"","src":"","width":0,"height":0},"classes":[]}],"jetpack_likes_enabled":true,"_links":{"self":[{"href":"https:\/\/agfluechtlingshilfe.org\/index.php?rest_route=\/wp\/v2\/posts\/575","targetHints":{"allow":["GET"]}}],"collection":[{"href":"https:\/\/agfluechtlingshilfe.org\/index.php?rest_route=\/wp\/v2\/posts"}],"about":[{"href":"https:\/\/agfluechtlingshilfe.org\/index.php?rest_route=\/wp\/v2\/types\/post"}],"author":[{"embeddable":true,"href":"https:\/\/agfluechtlingshilfe.org\/index.php?rest_route=\/wp\/v2\/users\/1"}],"replies":[{"embeddable":true,"href":"https:\/\/agfluechtlingshilfe.org\/index.php?rest_route=%2Fwp%2Fv2%2Fcomments&post=575"}],"version-history":[{"count":1,"href":"https:\/\/agfluechtlingshilfe.org\/index.php?rest_route=\/wp\/v2\/posts\/575\/revisions"}],"predecessor-version":[{"id":577,"href":"https:\/\/agfluechtlingshilfe.org\/index.php?rest_route=\/wp\/v2\/posts\/575\/revisions\/577"}],"wp:attachment":[{"href":"https:\/\/agfluechtlingshilfe.org\/index.php?rest_route=%2Fwp%2Fv2%2Fmedia&parent=575"}],"wp:term":[{"taxonomy":"category","embeddable":true,"href":"https:\/\/agfluechtlingshilfe.org\/index.php?rest_route=%2Fwp%2Fv2%2Fcategories&post=575"},{"taxonomy":"post_tag","embeddable":true,"href":"https:\/\/agfluechtlingshilfe.org\/index.php?rest_route=%2Fwp%2Fv2%2Ftags&post=575"}],"curies":[{"name":"wp","href":"https:\/\/api.w.org\/{rel}","templated":true}]}}