{"id":536,"date":"2017-09-21T15:28:11","date_gmt":"2017-09-21T13:28:11","guid":{"rendered":"http:\/\/agfluechtlingshilfe.org\/?p=536"},"modified":"2017-09-21T15:28:11","modified_gmt":"2017-09-21T13:28:11","slug":"morgen-zeit-fuer-begegnungen","status":"publish","type":"post","link":"https:\/\/agfluechtlingshilfe.org\/?p=536","title":{"rendered":"MORGEN: Zeit f\u00fcr Begegnungen"},"content":{"rendered":"<p>Es ist wieder Zeit f\u00fcr Begegnungen. Morgen, Freitag den 22.09.2017 von 14- 17 Uhr im Speicher am Katharinenberg findet das zweite Begegnungscaf\u00e9 seit der Sommerpause statt.<\/p>\n<p>F\u00fcr alle, die mal in die direkte Fl\u00fcchtlingshilfe hinein-schnuppern wollen, ist das ein toller erster Einstieg. Wir sind offen f\u00fcr alle und alles (gerne auch Getr\u00e4nke und Essbares) \ud83d\ude42<\/p>\n<p>Bis morgen also &#8230;<\/p>\n","protected":false},"excerpt":{"rendered":"<p>Es ist wieder Zeit f\u00fcr Begegnungen. Morgen, Freitag den 22.09.2017 von 14- 17 Uhr im Speicher am Katharinenberg findet das zweite Begegnungscaf\u00e9 seit der Sommerpause statt. F\u00fcr alle, die mal in die direkte Fl\u00fcchtlingshilfe hinein-schnuppern wollen, ist das ein toller erster Einstieg. Wir sind offen f\u00fcr alle und alles (gerne auch Getr\u00e4nke und Essbares) \ud83d\ude42 &hellip; <a href=\"https:\/\/agfluechtlingshilfe.org\/?p=536\" class=\"more-link\"><span class=\"screen-reader-text\">MORGEN: Zeit f\u00fcr Begegnungen<\/span> weiterlesen<\/a><\/p>\n","protected":false},"author":1,"featured_media":0,"comment_status":"open","ping_status":"open","sticky":false,"template":"","format":"standard","meta":{"footnotes":"","jetpack_publicize_message":"","jetpack_is_tweetstorm":false,"jetpack_publicize_feature_enabled":true,"jetpack_social_post_already_shared":true,"jetpack_social_options":{"image_generator_settings":{"template":"highway","enabled":false}}},"categories":[1],"tags":[],"class_list":["post-536","post","type-post","status-publish","format-standard","hentry","category-aktuelles"],"jetpack_publicize_connections":[],"jetpack_featured_media_url":"","jetpack_sharing_enabled":true,"jetpack_shortlink":"https:\/\/wp.me\/p8ejgX-8E","jetpack-related-posts":[{"id":441,"url":"https:\/\/agfluechtlingshilfe.org\/?p=441","url_meta":{"origin":536,"position":0},"title":"Morgen ist es soweit&#8230;","author":"agfluechtlingshilfehst","date":"16. Juni 2017","format":false,"excerpt":"...wir laden ein zu unserem Sommerfest, welches wir dieses Jahr mit dem Aktionstag zur offenen Gesellschaft kombinieren. Das Wetter wird perfekt sein und wir freuen uns auf viele neue Begegnungen, eine sch\u00f6ne Zeit mit unseren Freunden und auf die vielen leckeren Sachen die alle mitbringen. \u00a0 \u00a0","rel":"","context":"In &quot;Aktuelles&quot;","block_context":{"text":"Aktuelles","link":"https:\/\/agfluechtlingshilfe.org\/?cat=1"},"img":{"alt_text":"","src":"https:\/\/i0.wp.com\/agfluechtlingshilfe.org\/wp-content\/uploads\/2017\/06\/DinA4-Einladung-Sommerfest-2017.jpg?resize=350%2C200","width":350,"height":200,"srcset":"https:\/\/i0.wp.com\/agfluechtlingshilfe.org\/wp-content\/uploads\/2017\/06\/DinA4-Einladung-Sommerfest-2017.jpg?resize=350%2C200 1x, https:\/\/i0.wp.com\/agfluechtlingshilfe.org\/wp-content\/uploads\/2017\/06\/DinA4-Einladung-Sommerfest-2017.jpg?resize=525%2C300 1.5x, https:\/\/i0.wp.com\/agfluechtlingshilfe.org\/wp-content\/uploads\/2017\/06\/DinA4-Einladung-Sommerfest-2017.jpg?resize=700%2C400 2x, https:\/\/i0.wp.com\/agfluechtlingshilfe.org\/wp-content\/uploads\/2017\/06\/DinA4-Einladung-Sommerfest-2017.jpg?resize=1050%2C600 3x, https:\/\/i0.wp.com\/agfluechtlingshilfe.org\/wp-content\/uploads\/2017\/06\/DinA4-Einladung-Sommerfest-2017.jpg?resize=1400%2C800 4x"},"classes":[]},{"id":424,"url":"https:\/\/agfluechtlingshilfe.org\/?p=424","url_meta":{"origin":536,"position":1},"title":"Morgen, 10.05.17: unser offenes Treffen f\u00fcr alle Interessierten und Engagierten","author":"agfluechtlingshilfehst","date":"9. Mai 2017","format":false,"excerpt":"... in der Fl\u00fcchtlingshilfe und alle die Lust h\u00e4tten welche zu werden ;-) Morgen Abend findet wieder unser monatliches offenes Treffen statt. Alle die mit uns und anderen zum Thema Fl\u00fcchtlingshilfe und Integration\u00a0 in Kontakt kommen wollen sind herzlich eingeladen! Dieses Mal lohnt es sich besonders, weil Frau Breuer und\u2026","rel":"","context":"In &quot;Aktuelles&quot;","block_context":{"text":"Aktuelles","link":"https:\/\/agfluechtlingshilfe.org\/?cat=1"},"img":{"alt_text":"","src":"https:\/\/i0.wp.com\/agfluechtlingshilfe.org\/wp-content\/uploads\/2016\/11\/12031508_1500753230243961_6643011437425886673_o-e1482351463325.jpg?resize=350%2C200","width":350,"height":200},"classes":[]},{"id":1164,"url":"https:\/\/agfluechtlingshilfe.org\/?p=1164","url_meta":{"origin":536,"position":2},"title":"Unsere neuen Projekte suchen Helfer!","author":"agfluechtlingshilfehst","date":"23. M\u00e4rz 2022","format":false,"excerpt":"Nach zwei sehr effektiven Planungstreffen mit vielen neuen Helfern kann es jetzt losgehen. Wir suchen aber noch dringend ehrenamtliche Helfer, die uns in unseren Projekten unterst\u00fctzen, damit diese zuverl\u00e4ssig und dauerhaft in die Tat umgesetzt werden k\u00f6nnen. Wir starten die folgenden Projekte nicht nur aus Anlass der hohen Fl\u00fcchtlingszahlen aus\u2026","rel":"","context":"In &quot;Aktuelles&quot;","block_context":{"text":"Aktuelles","link":"https:\/\/agfluechtlingshilfe.org\/?cat=1"},"img":{"alt_text":"","src":"https:\/\/i0.wp.com\/agfluechtlingshilfe.org\/wp-content\/uploads\/2022\/03\/ProjektBilder2022_3.png?resize=350%2C200&ssl=1","width":350,"height":200,"srcset":"https:\/\/i0.wp.com\/agfluechtlingshilfe.org\/wp-content\/uploads\/2022\/03\/ProjektBilder2022_3.png?resize=350%2C200&ssl=1 1x, https:\/\/i0.wp.com\/agfluechtlingshilfe.org\/wp-content\/uploads\/2022\/03\/ProjektBilder2022_3.png?resize=525%2C300&ssl=1 1.5x, https:\/\/i0.wp.com\/agfluechtlingshilfe.org\/wp-content\/uploads\/2022\/03\/ProjektBilder2022_3.png?resize=700%2C400&ssl=1 2x"},"classes":[]},{"id":406,"url":"https:\/\/agfluechtlingshilfe.org\/?p=406","url_meta":{"origin":536,"position":3},"title":"Deutsche &#8222;Sparringspartner&#8220; f\u00fcr unser Begegnungscaf\u00e9 morgen gesucht&#8230;","author":"agfluechtlingshilfehst","date":"9. M\u00e4rz 2017","format":false,"excerpt":"Zwei Wochen sind schon wieder um und damit findet morgen wieder unser Begegnungscaf\u00e9 in der VHS Stralsund statt. Das letzte Mal waren etwas wenig deutschsprachige \"Trainingshelfer\" dabei. Damit unsere neuen Mitb\u00fcrger aber m\u00f6glichst viel Gelegenheit bekommen, ihre Sprachkenntnisse auszuprobieren, w\u00e4re es sch\u00f6n, wenn morgen noch der ein oder andere den\u2026","rel":"","context":"In &quot;Aktuelles&quot;","block_context":{"text":"Aktuelles","link":"https:\/\/agfluechtlingshilfe.org\/?cat=1"},"img":{"alt_text":"","src":"","width":0,"height":0},"classes":[]},{"id":710,"url":"https:\/\/agfluechtlingshilfe.org\/?p=710","url_meta":{"origin":536,"position":4},"title":"Sommerpause der Kinderbetreuung auf dem D\u00e4nholm endet &#8230;","author":"agfluechtlingshilfehst","date":"17. August 2018","format":false,"excerpt":"...mit dem Beginn des neuen Schuljahres, startet auch unsere Kinderbetreuung auf dem D\u00e4nholm in ein neues Jahr. Aufgrund eines Auslandsjahres haben wir leider ein Teammitglied vor\u00fcbergehend verloren und suchen darum dringend nach ein oder zwei neuen Helfern. Wer Lust und Zeit hat, um Kindern in einer fremden Umgebung ein paar\u2026","rel":"","context":"In &quot;Aktuelles&quot;","block_context":{"text":"Aktuelles","link":"https:\/\/agfluechtlingshilfe.org\/?cat=1"},"img":{"alt_text":"","src":"https:\/\/i0.wp.com\/agfluechtlingshilfe.org\/wp-content\/uploads\/2018\/08\/kinderspiele-zum-spielen-im-freien_FREMDQUELLE.jpg?resize=350%2C200","width":350,"height":200,"srcset":"https:\/\/i0.wp.com\/agfluechtlingshilfe.org\/wp-content\/uploads\/2018\/08\/kinderspiele-zum-spielen-im-freien_FREMDQUELLE.jpg?resize=350%2C200 1x, https:\/\/i0.wp.com\/agfluechtlingshilfe.org\/wp-content\/uploads\/2018\/08\/kinderspiele-zum-spielen-im-freien_FREMDQUELLE.jpg?resize=525%2C300 1.5x"},"classes":[]},{"id":421,"url":"https:\/\/agfluechtlingshilfe.org\/?p=421","url_meta":{"origin":536,"position":5},"title":"Ein Bericht zur 10. Ehrenamtsmesse im Stralsunder Rathaus am 1.April 2017","author":"agfluechtlingshilfehst","date":"21. April 2017","format":false,"excerpt":"Warum Ehrenamt? Warum zus\u00e4tzlich zu den allt\u00e4glichen Verpflichtungen eine weitere Aufgabe annehmen? Und dass in Zeiten, in denen man nie genug Zeit zu haben scheint? Inwiefern sich diese Fragen alle anderen Standbetreuer auf der Ehrenamtsmesse gestellt haben, vermag ich nicht zu sagen. Allein die Vielfalt all derer, die sich an\u2026","rel":"","context":"In &quot;Aktuelles&quot;","block_context":{"text":"Aktuelles","link":"https:\/\/agfluechtlingshilfe.org\/?cat=1"},"img":{"alt_text":"","src":"https:\/\/i0.wp.com\/agfluechtlingshilfe.org\/wp-content\/uploads\/2017\/04\/Ehrenamtsmesse.jpg?resize=350%2C200","width":350,"height":200,"srcset":"https:\/\/i0.wp.com\/agfluechtlingshilfe.org\/wp-content\/uploads\/2017\/04\/Ehrenamtsmesse.jpg?resize=350%2C200 1x, https:\/\/i0.wp.com\/agfluechtlingshilfe.org\/wp-content\/uploads\/2017\/04\/Ehrenamtsmesse.jpg?resize=525%2C300 1.5x, https:\/\/i0.wp.com\/agfluechtlingshilfe.org\/wp-content\/uploads\/2017\/04\/Ehrenamtsmesse.jpg?resize=700%2C400 2x, https:\/\/i0.wp.com\/agfluechtlingshilfe.org\/wp-content\/uploads\/2017\/04\/Ehrenamtsmesse.jpg?resize=1050%2C600 3x, https:\/\/i0.wp.com\/agfluechtlingshilfe.org\/wp-content\/uploads\/2017\/04\/Ehrenamtsmesse.jpg?resize=1400%2C800 4x"},"classes":[]}],"jetpack_likes_enabled":true,"_links":{"self":[{"href":"https:\/\/agfluechtlingshilfe.org\/index.php?rest_route=\/wp\/v2\/posts\/536","targetHints":{"allow":["GET"]}}],"collection":[{"href":"https:\/\/agfluechtlingshilfe.org\/index.php?rest_route=\/wp\/v2\/posts"}],"about":[{"href":"https:\/\/agfluechtlingshilfe.org\/index.php?rest_route=\/wp\/v2\/types\/post"}],"author":[{"embeddable":true,"href":"https:\/\/agfluechtlingshilfe.org\/index.php?rest_route=\/wp\/v2\/users\/1"}],"replies":[{"embeddable":true,"href":"https:\/\/agfluechtlingshilfe.org\/index.php?rest_route=%2Fwp%2Fv2%2Fcomments&post=536"}],"version-history":[{"count":2,"href":"https:\/\/agfluechtlingshilfe.org\/index.php?rest_route=\/wp\/v2\/posts\/536\/revisions"}],"predecessor-version":[{"id":538,"href":"https:\/\/agfluechtlingshilfe.org\/index.php?rest_route=\/wp\/v2\/posts\/536\/revisions\/538"}],"wp:attachment":[{"href":"https:\/\/agfluechtlingshilfe.org\/index.php?rest_route=%2Fwp%2Fv2%2Fmedia&parent=536"}],"wp:term":[{"taxonomy":"category","embeddable":true,"href":"https:\/\/agfluechtlingshilfe.org\/index.php?rest_route=%2Fwp%2Fv2%2Fcategories&post=536"},{"taxonomy":"post_tag","embeddable":true,"href":"https:\/\/agfluechtlingshilfe.org\/index.php?rest_route=%2Fwp%2Fv2%2Ftags&post=536"}],"curies":[{"name":"wp","href":"https:\/\/api.w.org\/{rel}","templated":true}]}}