{"id":530,"date":"2017-09-05T21:55:24","date_gmt":"2017-09-05T19:55:24","guid":{"rendered":"http:\/\/agfluechtlingshilfe.org\/?p=530"},"modified":"2017-09-05T21:55:24","modified_gmt":"2017-09-05T19:55:24","slug":"deportation-class-abschiebepraxis-in-deutschland-hautnah","status":"publish","type":"post","link":"https:\/\/agfluechtlingshilfe.org\/?p=530","title":{"rendered":"&#8222;Deportation Class&#8220; &#8211; Abschiebepraxis in Deutschland hautnah"},"content":{"rendered":"<p>Am Donnerstag ab 20 Uhr zeigt das <a href=\"http:\/\/www.filmclub-blendwerk.de\/\" target=\"_blank\" rel=\"noopener noreferrer\">Blendwerk <\/a>in der Kulturkirche St. Jakobi die Dokumentation &#8222;Deportation Class&#8220;. Mit dabei eine Familie aus Stralsund, die nach Albanien abgeschoben wird.<\/p>\n<p>Im Anschluss an den Film gibt es die M\u00f6glichkeit der Diskussion. Mit dabei wird J\u00fcrgen Ehlert sein, der Vorsitzende unseres Vereins.<\/p>\n<p><a href=\"https:\/\/www.youtube.com\/watch?v=JOhKMOKHlyA\" target=\"_blank\" rel=\"noopener noreferrer\">TRAILER<\/a><\/p>\n<p><a href=\"https:\/\/www.youtube.com\/watch?v=JOhKMOKHlyA\"><img loading=\"lazy\" decoding=\"async\" data-attachment-id=\"519\" data-permalink=\"https:\/\/agfluechtlingshilfe.org\/?attachment_id=519\" data-orig-file=\"https:\/\/i0.wp.com\/agfluechtlingshilfe.org\/wp-content\/uploads\/2017\/09\/527872.jpg?fit=1131%2C1600&amp;ssl=1\" data-orig-size=\"1131,1600\" data-comments-opened=\"1\" data-image-meta=\"{&quot;aperture&quot;:&quot;0&quot;,&quot;credit&quot;:&quot;&quot;,&quot;camera&quot;:&quot;&quot;,&quot;caption&quot;:&quot;&quot;,&quot;created_timestamp&quot;:&quot;0&quot;,&quot;copyright&quot;:&quot;&quot;,&quot;focal_length&quot;:&quot;0&quot;,&quot;iso&quot;:&quot;0&quot;,&quot;shutter_speed&quot;:&quot;0&quot;,&quot;title&quot;:&quot;&quot;,&quot;orientation&quot;:&quot;1&quot;}\" data-image-title=\"527872\" data-image-description=\"\" data-image-caption=\"\" data-medium-file=\"https:\/\/i0.wp.com\/agfluechtlingshilfe.org\/wp-content\/uploads\/2017\/09\/527872.jpg?fit=212%2C300&amp;ssl=1\" data-large-file=\"https:\/\/i0.wp.com\/agfluechtlingshilfe.org\/wp-content\/uploads\/2017\/09\/527872.jpg?fit=660%2C933&amp;ssl=1\" class=\"alignnone size-full wp-image-519\" src=\"https:\/\/i0.wp.com\/agfluechtlingshilfe.org\/wp-content\/uploads\/2017\/09\/527872.jpg?resize=660%2C934\" alt=\"\" width=\"660\" height=\"934\" srcset=\"https:\/\/i0.wp.com\/agfluechtlingshilfe.org\/wp-content\/uploads\/2017\/09\/527872.jpg?w=1131&amp;ssl=1 1131w, https:\/\/i0.wp.com\/agfluechtlingshilfe.org\/wp-content\/uploads\/2017\/09\/527872.jpg?resize=212%2C300&amp;ssl=1 212w, https:\/\/i0.wp.com\/agfluechtlingshilfe.org\/wp-content\/uploads\/2017\/09\/527872.jpg?resize=768%2C1086&amp;ssl=1 768w, https:\/\/i0.wp.com\/agfluechtlingshilfe.org\/wp-content\/uploads\/2017\/09\/527872.jpg?resize=724%2C1024&amp;ssl=1 724w\" sizes=\"auto, (max-width: 660px) 100vw, 660px\" data-recalc-dims=\"1\" \/><\/a><\/p>\n","protected":false},"excerpt":{"rendered":"<p>Am Donnerstag ab 20 Uhr zeigt das Blendwerk in der Kulturkirche St. Jakobi die Dokumentation &#8222;Deportation Class&#8220;. Mit dabei eine Familie aus Stralsund, die nach Albanien abgeschoben wird. Im Anschluss an den Film gibt es die M\u00f6glichkeit der Diskussion. Mit dabei wird J\u00fcrgen Ehlert sein, der Vorsitzende unseres Vereins. TRAILER<\/p>\n","protected":false},"author":1,"featured_media":0,"comment_status":"open","ping_status":"open","sticky":false,"template":"","format":"standard","meta":{"footnotes":"","jetpack_publicize_message":"\"Deportation Class\" - Abschiebepraxis in Deutschland hautnah","jetpack_is_tweetstorm":false,"jetpack_publicize_feature_enabled":true,"jetpack_social_post_already_shared":true,"jetpack_social_options":{"image_generator_settings":{"template":"highway","enabled":false}}},"categories":[1],"tags":[],"class_list":["post-530","post","type-post","status-publish","format-standard","hentry","category-aktuelles"],"jetpack_publicize_connections":[],"jetpack_featured_media_url":"","jetpack_sharing_enabled":true,"jetpack_shortlink":"https:\/\/wp.me\/p8ejgX-8y","jetpack-related-posts":[{"id":540,"url":"https:\/\/agfluechtlingshilfe.org\/?p=540","url_meta":{"origin":530,"position":0},"title":"Syrer geht als erster Jugendkunstschullotse auf Kurs","author":"agfluechtlingshilfehst","date":"4. Oktober 2017","format":false,"excerpt":"In der Jugendkunstschule Vorpommern-R\u00fcgen gibt es jetzt einen Lotsen, der insbesondere Familien mit Migrationshintergrund und Sprachproblemen dabei helfen kann, die Angebote der Jugendkunstschule zu nutzen. Saeed al Debs kann dabei insbesondere durch seine arabisch-deutschen Sprachkenntnisse und sein \"Insider-Wissen\" um die Gef\u00fchlslagen von Gefl\u00fcchteten punkten. Als Syrer, der vor 23 Monaten\u2026","rel":"","context":"In &quot;Aktuelles&quot;","block_context":{"text":"Aktuelles","link":"https:\/\/agfluechtlingshilfe.org\/?cat=1"},"img":{"alt_text":"","src":"https:\/\/i0.wp.com\/agfluechtlingshilfe.org\/wp-content\/uploads\/2017\/10\/Jugendkunsthochschule-Lotse-an-Bord_pdaArticleWide.jpg?resize=350%2C200","width":350,"height":200},"classes":[]},{"id":406,"url":"https:\/\/agfluechtlingshilfe.org\/?p=406","url_meta":{"origin":530,"position":1},"title":"Deutsche &#8222;Sparringspartner&#8220; f\u00fcr unser Begegnungscaf\u00e9 morgen gesucht&#8230;","author":"agfluechtlingshilfehst","date":"9. M\u00e4rz 2017","format":false,"excerpt":"Zwei Wochen sind schon wieder um und damit findet morgen wieder unser Begegnungscaf\u00e9 in der VHS Stralsund statt. Das letzte Mal waren etwas wenig deutschsprachige \"Trainingshelfer\" dabei. Damit unsere neuen Mitb\u00fcrger aber m\u00f6glichst viel Gelegenheit bekommen, ihre Sprachkenntnisse auszuprobieren, w\u00e4re es sch\u00f6n, wenn morgen noch der ein oder andere den\u2026","rel":"","context":"In &quot;Aktuelles&quot;","block_context":{"text":"Aktuelles","link":"https:\/\/agfluechtlingshilfe.org\/?cat=1"},"img":{"alt_text":"","src":"","width":0,"height":0},"classes":[]},{"id":421,"url":"https:\/\/agfluechtlingshilfe.org\/?p=421","url_meta":{"origin":530,"position":2},"title":"Ein Bericht zur 10. Ehrenamtsmesse im Stralsunder Rathaus am 1.April 2017","author":"agfluechtlingshilfehst","date":"21. April 2017","format":false,"excerpt":"Warum Ehrenamt? Warum zus\u00e4tzlich zu den allt\u00e4glichen Verpflichtungen eine weitere Aufgabe annehmen? Und dass in Zeiten, in denen man nie genug Zeit zu haben scheint? Inwiefern sich diese Fragen alle anderen Standbetreuer auf der Ehrenamtsmesse gestellt haben, vermag ich nicht zu sagen. Allein die Vielfalt all derer, die sich an\u2026","rel":"","context":"In &quot;Aktuelles&quot;","block_context":{"text":"Aktuelles","link":"https:\/\/agfluechtlingshilfe.org\/?cat=1"},"img":{"alt_text":"","src":"https:\/\/i0.wp.com\/agfluechtlingshilfe.org\/wp-content\/uploads\/2017\/04\/Ehrenamtsmesse.jpg?resize=350%2C200","width":350,"height":200,"srcset":"https:\/\/i0.wp.com\/agfluechtlingshilfe.org\/wp-content\/uploads\/2017\/04\/Ehrenamtsmesse.jpg?resize=350%2C200 1x, https:\/\/i0.wp.com\/agfluechtlingshilfe.org\/wp-content\/uploads\/2017\/04\/Ehrenamtsmesse.jpg?resize=525%2C300 1.5x, https:\/\/i0.wp.com\/agfluechtlingshilfe.org\/wp-content\/uploads\/2017\/04\/Ehrenamtsmesse.jpg?resize=700%2C400 2x, https:\/\/i0.wp.com\/agfluechtlingshilfe.org\/wp-content\/uploads\/2017\/04\/Ehrenamtsmesse.jpg?resize=1050%2C600 3x, https:\/\/i0.wp.com\/agfluechtlingshilfe.org\/wp-content\/uploads\/2017\/04\/Ehrenamtsmesse.jpg?resize=1400%2C800 4x"},"classes":[]},{"id":578,"url":"https:\/\/agfluechtlingshilfe.org\/?p=578","url_meta":{"origin":530,"position":3},"title":"NDR w\u00fcrdigt tolle Arbeit im Jugendtreff&#8230;","author":"agfluechtlingshilfehst","date":"7. Januar 2018","format":false,"excerpt":"...wir freuen uns, dass die wirklich herausragende Arbeit von Thomas G\u00fcrgen und der Auferstehungsgemeinde in Gr\u00fcnhufe in diesem NDR-Beitrag nicht nur \u00f6ffentlich gemacht wird, sondern die schon seit \u00fcber einem Jahr akute personelle Unterversorgung in diesem wichtige Bereich deutlich gemacht wird. Neue (und alte) Studien und Statistiken zeigen auf, wie\u2026","rel":"","context":"In &quot;Aktuelles&quot;","block_context":{"text":"Aktuelles","link":"https:\/\/agfluechtlingshilfe.org\/?cat=1"},"img":{"alt_text":"","src":"","width":0,"height":0},"classes":[]},{"id":1349,"url":"https:\/\/agfluechtlingshilfe.org\/?p=1349","url_meta":{"origin":530,"position":4},"title":"Wir waren Teil der NDR-Nordstory","author":"agfluechtlingshilfehst","date":"7. Oktober 2023","format":false,"excerpt":"Am 15.09.2023 waren wir mit unserer Fahrradwerkstatt in der NDR Nordstory dabei. J\u00fcrgen und seine Helfer haben ihre Arbeit und Motivation wirklich gut r\u00fcber gebracht und die Resonanz auf den Beitrag war bisher auch schon sehr erfreulich. Wer es verpasst hat, kann den Beitrag hier abrufen und anschauen: Auch weiterhin\u2026","rel":"","context":"In &quot;Aktuelles&quot;","block_context":{"text":"Aktuelles","link":"https:\/\/agfluechtlingshilfe.org\/?cat=1"},"img":{"alt_text":"","src":"https:\/\/i0.wp.com\/agfluechtlingshilfe.org\/wp-content\/uploads\/2023\/10\/NDR-BeitragBildRes.png?resize=350%2C200&ssl=1","width":350,"height":200},"classes":[]},{"id":1378,"url":"https:\/\/agfluechtlingshilfe.org\/?p=1378","url_meta":{"origin":530,"position":5},"title":"Inzwischen eine sch\u00f6ne Tradition: die allj\u00e4hrliche Kinder-Bescherung auf dem D\u00e4nholm","author":"agfluechtlingshilfehst","date":"11. Januar 2026","format":false,"excerpt":"Seit Bestehen des Vereins engagieren sich einige unserer Mitglieder in der Kinderbetreuung in den Gemeinschaftsunterk\u00fcnften auf dem D\u00e4nholm und initiieren dort f\u00fcr diese Kinder auch seit vielen Jahren kurz vor Weihnachten eine weihnachtliche Bescherung mit Geschenken f\u00fcr alle. Um dies zu erm\u00f6glichen besorgt Marion immer wieder tolle und dennoch m\u00f6glichst\u2026","rel":"","context":"In &quot;Aktuelles&quot;","block_context":{"text":"Aktuelles","link":"https:\/\/agfluechtlingshilfe.org\/?cat=1"},"img":{"alt_text":"","src":"https:\/\/i0.wp.com\/agfluechtlingshilfe.org\/wp-content\/uploads\/2026\/01\/signal-2025-12-11-18-21-29-118.jpg?fit=1200%2C538&ssl=1&resize=350%2C200","width":350,"height":200,"srcset":"https:\/\/i0.wp.com\/agfluechtlingshilfe.org\/wp-content\/uploads\/2026\/01\/signal-2025-12-11-18-21-29-118.jpg?fit=1200%2C538&ssl=1&resize=350%2C200 1x, https:\/\/i0.wp.com\/agfluechtlingshilfe.org\/wp-content\/uploads\/2026\/01\/signal-2025-12-11-18-21-29-118.jpg?fit=1200%2C538&ssl=1&resize=525%2C300 1.5x, https:\/\/i0.wp.com\/agfluechtlingshilfe.org\/wp-content\/uploads\/2026\/01\/signal-2025-12-11-18-21-29-118.jpg?fit=1200%2C538&ssl=1&resize=700%2C400 2x, https:\/\/i0.wp.com\/agfluechtlingshilfe.org\/wp-content\/uploads\/2026\/01\/signal-2025-12-11-18-21-29-118.jpg?fit=1200%2C538&ssl=1&resize=1050%2C600 3x"},"classes":[]}],"jetpack_likes_enabled":true,"_links":{"self":[{"href":"https:\/\/agfluechtlingshilfe.org\/index.php?rest_route=\/wp\/v2\/posts\/530","targetHints":{"allow":["GET"]}}],"collection":[{"href":"https:\/\/agfluechtlingshilfe.org\/index.php?rest_route=\/wp\/v2\/posts"}],"about":[{"href":"https:\/\/agfluechtlingshilfe.org\/index.php?rest_route=\/wp\/v2\/types\/post"}],"author":[{"embeddable":true,"href":"https:\/\/agfluechtlingshilfe.org\/index.php?rest_route=\/wp\/v2\/users\/1"}],"replies":[{"embeddable":true,"href":"https:\/\/agfluechtlingshilfe.org\/index.php?rest_route=%2Fwp%2Fv2%2Fcomments&post=530"}],"version-history":[{"count":1,"href":"https:\/\/agfluechtlingshilfe.org\/index.php?rest_route=\/wp\/v2\/posts\/530\/revisions"}],"predecessor-version":[{"id":531,"href":"https:\/\/agfluechtlingshilfe.org\/index.php?rest_route=\/wp\/v2\/posts\/530\/revisions\/531"}],"wp:attachment":[{"href":"https:\/\/agfluechtlingshilfe.org\/index.php?rest_route=%2Fwp%2Fv2%2Fmedia&parent=530"}],"wp:term":[{"taxonomy":"category","embeddable":true,"href":"https:\/\/agfluechtlingshilfe.org\/index.php?rest_route=%2Fwp%2Fv2%2Fcategories&post=530"},{"taxonomy":"post_tag","embeddable":true,"href":"https:\/\/agfluechtlingshilfe.org\/index.php?rest_route=%2Fwp%2Fv2%2Ftags&post=530"}],"curies":[{"name":"wp","href":"https:\/\/api.w.org\/{rel}","templated":true}]}}