{"id":509,"date":"2017-08-25T07:31:01","date_gmt":"2017-08-25T05:31:01","guid":{"rendered":"http:\/\/agfluechtlingshilfe.org\/?p=509"},"modified":"2017-08-25T07:31:01","modified_gmt":"2017-08-25T05:31:01","slug":"lauf-gegen-rassismus","status":"publish","type":"post","link":"https:\/\/agfluechtlingshilfe.org\/?p=509","title":{"rendered":"Lauf gegen Rassismus"},"content":{"rendered":"<p>am 27. August findet zum 2. Mal der Lauf gegen Rassismus statt. Start und Sammelpunkt ist auf der Wiese vor dem Hansa Gymnasium. Es kann \u00fcber mindestens zwei Distanzen gelaufen werden: 5km und 7km.<\/p>\n<p>Das Startgeld betr\u00e4gt 5 \u20ac und alle Einnahmen werden zu 100% f\u00fcr Kinder aus Familien eingesetzt, die auf Sozialhilfe angewiesen sind. Und zwar ist geplant, ihnen davon Sportkleidung und ein Jahr Vereinsbeitrag in einem Sportverein zu bezahlen.<\/p>\n<p>Auf diese Weise sollen ausdr\u00fccklich einheimische und noch-nicht-ganz-einheimische Kinder gleicherma\u00dfen unterst\u00fctzt werden.<\/p>\n<p><a href=\"https:\/\/i0.wp.com\/agfluechtlingshilfe.org\/wp-content\/uploads\/2017\/08\/Lauf2017.jpg\"><img loading=\"lazy\" decoding=\"async\" data-attachment-id=\"512\" data-permalink=\"https:\/\/agfluechtlingshilfe.org\/?attachment_id=512\" data-orig-file=\"https:\/\/i0.wp.com\/agfluechtlingshilfe.org\/wp-content\/uploads\/2017\/08\/Lauf2017.jpg?fit=1240%2C1754&amp;ssl=1\" data-orig-size=\"1240,1754\" data-comments-opened=\"1\" data-image-meta=\"{&quot;aperture&quot;:&quot;0&quot;,&quot;credit&quot;:&quot;&quot;,&quot;camera&quot;:&quot;&quot;,&quot;caption&quot;:&quot;&quot;,&quot;created_timestamp&quot;:&quot;0&quot;,&quot;copyright&quot;:&quot;&quot;,&quot;focal_length&quot;:&quot;0&quot;,&quot;iso&quot;:&quot;0&quot;,&quot;shutter_speed&quot;:&quot;0&quot;,&quot;title&quot;:&quot;&quot;,&quot;orientation&quot;:&quot;0&quot;}\" data-image-title=\"Lauf2017\" data-image-description=\"\" data-image-caption=\"\" data-medium-file=\"https:\/\/i0.wp.com\/agfluechtlingshilfe.org\/wp-content\/uploads\/2017\/08\/Lauf2017.jpg?fit=212%2C300&amp;ssl=1\" data-large-file=\"https:\/\/i0.wp.com\/agfluechtlingshilfe.org\/wp-content\/uploads\/2017\/08\/Lauf2017.jpg?fit=660%2C933&amp;ssl=1\" class=\"alignnone size-full wp-image-512\" src=\"https:\/\/i0.wp.com\/agfluechtlingshilfe.org\/wp-content\/uploads\/2017\/08\/Lauf2017.jpg?resize=660%2C934\" alt=\"\" width=\"660\" height=\"934\" srcset=\"https:\/\/i0.wp.com\/agfluechtlingshilfe.org\/wp-content\/uploads\/2017\/08\/Lauf2017.jpg?w=1240&amp;ssl=1 1240w, https:\/\/i0.wp.com\/agfluechtlingshilfe.org\/wp-content\/uploads\/2017\/08\/Lauf2017.jpg?resize=212%2C300&amp;ssl=1 212w, https:\/\/i0.wp.com\/agfluechtlingshilfe.org\/wp-content\/uploads\/2017\/08\/Lauf2017.jpg?resize=768%2C1086&amp;ssl=1 768w, https:\/\/i0.wp.com\/agfluechtlingshilfe.org\/wp-content\/uploads\/2017\/08\/Lauf2017.jpg?resize=724%2C1024&amp;ssl=1 724w\" sizes=\"auto, (max-width: 660px) 100vw, 660px\" data-recalc-dims=\"1\" \/><\/a><\/p>\n","protected":false},"excerpt":{"rendered":"<p>am 27. August findet zum 2. Mal der Lauf gegen Rassismus statt. Start und Sammelpunkt ist auf der Wiese vor dem Hansa Gymnasium. Es kann \u00fcber mindestens zwei Distanzen gelaufen werden: 5km und 7km. Das Startgeld betr\u00e4gt 5 \u20ac und alle Einnahmen werden zu 100% f\u00fcr Kinder aus Familien eingesetzt, die auf Sozialhilfe angewiesen sind. &hellip; <a href=\"https:\/\/agfluechtlingshilfe.org\/?p=509\" class=\"more-link\"><span class=\"screen-reader-text\">Lauf gegen Rassismus<\/span> weiterlesen<\/a><\/p>\n","protected":false},"author":1,"featured_media":0,"comment_status":"open","ping_status":"open","sticky":false,"template":"","format":"standard","meta":{"footnotes":"","jetpack_publicize_message":"","jetpack_is_tweetstorm":false,"jetpack_publicize_feature_enabled":true,"jetpack_social_post_already_shared":true,"jetpack_social_options":{"image_generator_settings":{"template":"highway","enabled":false}}},"categories":[1],"tags":[],"class_list":["post-509","post","type-post","status-publish","format-standard","hentry","category-aktuelles"],"jetpack_publicize_connections":[],"jetpack_featured_media_url":"","jetpack_sharing_enabled":true,"jetpack_shortlink":"https:\/\/wp.me\/p8ejgX-8d","jetpack-related-posts":[{"id":1378,"url":"https:\/\/agfluechtlingshilfe.org\/?p=1378","url_meta":{"origin":509,"position":0},"title":"Inzwischen eine sch\u00f6ne Tradition: die allj\u00e4hrliche Kinder-Bescherung auf dem D\u00e4nholm","author":"agfluechtlingshilfehst","date":"11. Januar 2026","format":false,"excerpt":"Seit Bestehen des Vereins engagieren sich einige unserer Mitglieder in der Kinderbetreuung in den Gemeinschaftsunterk\u00fcnften auf dem D\u00e4nholm und initiieren dort f\u00fcr diese Kinder auch seit vielen Jahren kurz vor Weihnachten eine weihnachtliche Bescherung mit Geschenken f\u00fcr alle. Um dies zu erm\u00f6glichen besorgt Marion immer wieder tolle und dennoch m\u00f6glichst\u2026","rel":"","context":"In &quot;Aktuelles&quot;","block_context":{"text":"Aktuelles","link":"https:\/\/agfluechtlingshilfe.org\/?cat=1"},"img":{"alt_text":"","src":"https:\/\/i0.wp.com\/agfluechtlingshilfe.org\/wp-content\/uploads\/2026\/01\/signal-2025-12-11-18-21-29-118.jpg?fit=1200%2C538&ssl=1&resize=350%2C200","width":350,"height":200,"srcset":"https:\/\/i0.wp.com\/agfluechtlingshilfe.org\/wp-content\/uploads\/2026\/01\/signal-2025-12-11-18-21-29-118.jpg?fit=1200%2C538&ssl=1&resize=350%2C200 1x, https:\/\/i0.wp.com\/agfluechtlingshilfe.org\/wp-content\/uploads\/2026\/01\/signal-2025-12-11-18-21-29-118.jpg?fit=1200%2C538&ssl=1&resize=525%2C300 1.5x, https:\/\/i0.wp.com\/agfluechtlingshilfe.org\/wp-content\/uploads\/2026\/01\/signal-2025-12-11-18-21-29-118.jpg?fit=1200%2C538&ssl=1&resize=700%2C400 2x, https:\/\/i0.wp.com\/agfluechtlingshilfe.org\/wp-content\/uploads\/2026\/01\/signal-2025-12-11-18-21-29-118.jpg?fit=1200%2C538&ssl=1&resize=1050%2C600 3x"},"classes":[]},{"id":421,"url":"https:\/\/agfluechtlingshilfe.org\/?p=421","url_meta":{"origin":509,"position":1},"title":"Ein Bericht zur 10. Ehrenamtsmesse im Stralsunder Rathaus am 1.April 2017","author":"agfluechtlingshilfehst","date":"21. April 2017","format":false,"excerpt":"Warum Ehrenamt? Warum zus\u00e4tzlich zu den allt\u00e4glichen Verpflichtungen eine weitere Aufgabe annehmen? Und dass in Zeiten, in denen man nie genug Zeit zu haben scheint? Inwiefern sich diese Fragen alle anderen Standbetreuer auf der Ehrenamtsmesse gestellt haben, vermag ich nicht zu sagen. Allein die Vielfalt all derer, die sich an\u2026","rel":"","context":"In &quot;Aktuelles&quot;","block_context":{"text":"Aktuelles","link":"https:\/\/agfluechtlingshilfe.org\/?cat=1"},"img":{"alt_text":"","src":"https:\/\/i0.wp.com\/agfluechtlingshilfe.org\/wp-content\/uploads\/2017\/04\/Ehrenamtsmesse.jpg?resize=350%2C200","width":350,"height":200,"srcset":"https:\/\/i0.wp.com\/agfluechtlingshilfe.org\/wp-content\/uploads\/2017\/04\/Ehrenamtsmesse.jpg?resize=350%2C200 1x, https:\/\/i0.wp.com\/agfluechtlingshilfe.org\/wp-content\/uploads\/2017\/04\/Ehrenamtsmesse.jpg?resize=525%2C300 1.5x, https:\/\/i0.wp.com\/agfluechtlingshilfe.org\/wp-content\/uploads\/2017\/04\/Ehrenamtsmesse.jpg?resize=700%2C400 2x, https:\/\/i0.wp.com\/agfluechtlingshilfe.org\/wp-content\/uploads\/2017\/04\/Ehrenamtsmesse.jpg?resize=1050%2C600 3x, https:\/\/i0.wp.com\/agfluechtlingshilfe.org\/wp-content\/uploads\/2017\/04\/Ehrenamtsmesse.jpg?resize=1400%2C800 4x"},"classes":[]},{"id":1164,"url":"https:\/\/agfluechtlingshilfe.org\/?p=1164","url_meta":{"origin":509,"position":2},"title":"Unsere neuen Projekte suchen Helfer!","author":"agfluechtlingshilfehst","date":"23. M\u00e4rz 2022","format":false,"excerpt":"Nach zwei sehr effektiven Planungstreffen mit vielen neuen Helfern kann es jetzt losgehen. Wir suchen aber noch dringend ehrenamtliche Helfer, die uns in unseren Projekten unterst\u00fctzen, damit diese zuverl\u00e4ssig und dauerhaft in die Tat umgesetzt werden k\u00f6nnen. Wir starten die folgenden Projekte nicht nur aus Anlass der hohen Fl\u00fcchtlingszahlen aus\u2026","rel":"","context":"In &quot;Aktuelles&quot;","block_context":{"text":"Aktuelles","link":"https:\/\/agfluechtlingshilfe.org\/?cat=1"},"img":{"alt_text":"","src":"https:\/\/i0.wp.com\/agfluechtlingshilfe.org\/wp-content\/uploads\/2022\/03\/ProjektBilder2022_3.png?resize=350%2C200&ssl=1","width":350,"height":200,"srcset":"https:\/\/i0.wp.com\/agfluechtlingshilfe.org\/wp-content\/uploads\/2022\/03\/ProjektBilder2022_3.png?resize=350%2C200&ssl=1 1x, https:\/\/i0.wp.com\/agfluechtlingshilfe.org\/wp-content\/uploads\/2022\/03\/ProjektBilder2022_3.png?resize=525%2C300&ssl=1 1.5x, https:\/\/i0.wp.com\/agfluechtlingshilfe.org\/wp-content\/uploads\/2022\/03\/ProjektBilder2022_3.png?resize=700%2C400&ssl=1 2x"},"classes":[]},{"id":540,"url":"https:\/\/agfluechtlingshilfe.org\/?p=540","url_meta":{"origin":509,"position":3},"title":"Syrer geht als erster Jugendkunstschullotse auf Kurs","author":"agfluechtlingshilfehst","date":"4. Oktober 2017","format":false,"excerpt":"In der Jugendkunstschule Vorpommern-R\u00fcgen gibt es jetzt einen Lotsen, der insbesondere Familien mit Migrationshintergrund und Sprachproblemen dabei helfen kann, die Angebote der Jugendkunstschule zu nutzen. Saeed al Debs kann dabei insbesondere durch seine arabisch-deutschen Sprachkenntnisse und sein \"Insider-Wissen\" um die Gef\u00fchlslagen von Gefl\u00fcchteten punkten. Als Syrer, der vor 23 Monaten\u2026","rel":"","context":"In &quot;Aktuelles&quot;","block_context":{"text":"Aktuelles","link":"https:\/\/agfluechtlingshilfe.org\/?cat=1"},"img":{"alt_text":"","src":"https:\/\/i0.wp.com\/agfluechtlingshilfe.org\/wp-content\/uploads\/2017\/10\/Jugendkunsthochschule-Lotse-an-Bord_pdaArticleWide.jpg?resize=350%2C200","width":350,"height":200},"classes":[]},{"id":1289,"url":"https:\/\/agfluechtlingshilfe.org\/?p=1289","url_meta":{"origin":509,"position":4},"title":"Peppa zu Besuch bei den Kindern auf dem D\u00e4nholm","author":"agfluechtlingshilfehst","date":"12. Juli 2022","format":false,"excerpt":"Fotograf: Andr\u00e9 Lehnert | abgebildete Person: Paula Scherf | copyright: disdance project Am 5.7.2022 kam uns das Team von disdance project auf dem D\u00e4nholm besuchen und sie brachten PEPPA mit! PEPPA erlebt in clownesken Theater-Miniaturen, die ohne Sprache auskommen, Situationen, die Kindern nur zu vertraut sind. Bei uns war das\u2026","rel":"","context":"In &quot;Aktuelles&quot;","block_context":{"text":"Aktuelles","link":"https:\/\/agfluechtlingshilfe.org\/?cat=1"},"img":{"alt_text":"","src":"https:\/\/i0.wp.com\/agfluechtlingshilfe.org\/wp-content\/uploads\/2022\/07\/tafel_1.jpg?resize=350%2C200&ssl=1","width":350,"height":200},"classes":[]},{"id":578,"url":"https:\/\/agfluechtlingshilfe.org\/?p=578","url_meta":{"origin":509,"position":5},"title":"NDR w\u00fcrdigt tolle Arbeit im Jugendtreff&#8230;","author":"agfluechtlingshilfehst","date":"7. Januar 2018","format":false,"excerpt":"...wir freuen uns, dass die wirklich herausragende Arbeit von Thomas G\u00fcrgen und der Auferstehungsgemeinde in Gr\u00fcnhufe in diesem NDR-Beitrag nicht nur \u00f6ffentlich gemacht wird, sondern die schon seit \u00fcber einem Jahr akute personelle Unterversorgung in diesem wichtige Bereich deutlich gemacht wird. Neue (und alte) Studien und Statistiken zeigen auf, wie\u2026","rel":"","context":"In &quot;Aktuelles&quot;","block_context":{"text":"Aktuelles","link":"https:\/\/agfluechtlingshilfe.org\/?cat=1"},"img":{"alt_text":"","src":"","width":0,"height":0},"classes":[]}],"jetpack_likes_enabled":true,"_links":{"self":[{"href":"https:\/\/agfluechtlingshilfe.org\/index.php?rest_route=\/wp\/v2\/posts\/509","targetHints":{"allow":["GET"]}}],"collection":[{"href":"https:\/\/agfluechtlingshilfe.org\/index.php?rest_route=\/wp\/v2\/posts"}],"about":[{"href":"https:\/\/agfluechtlingshilfe.org\/index.php?rest_route=\/wp\/v2\/types\/post"}],"author":[{"embeddable":true,"href":"https:\/\/agfluechtlingshilfe.org\/index.php?rest_route=\/wp\/v2\/users\/1"}],"replies":[{"embeddable":true,"href":"https:\/\/agfluechtlingshilfe.org\/index.php?rest_route=%2Fwp%2Fv2%2Fcomments&post=509"}],"version-history":[{"count":5,"href":"https:\/\/agfluechtlingshilfe.org\/index.php?rest_route=\/wp\/v2\/posts\/509\/revisions"}],"predecessor-version":[{"id":515,"href":"https:\/\/agfluechtlingshilfe.org\/index.php?rest_route=\/wp\/v2\/posts\/509\/revisions\/515"}],"wp:attachment":[{"href":"https:\/\/agfluechtlingshilfe.org\/index.php?rest_route=%2Fwp%2Fv2%2Fmedia&parent=509"}],"wp:term":[{"taxonomy":"category","embeddable":true,"href":"https:\/\/agfluechtlingshilfe.org\/index.php?rest_route=%2Fwp%2Fv2%2Fcategories&post=509"},{"taxonomy":"post_tag","embeddable":true,"href":"https:\/\/agfluechtlingshilfe.org\/index.php?rest_route=%2Fwp%2Fv2%2Ftags&post=509"}],"curies":[{"name":"wp","href":"https:\/\/api.w.org\/{rel}","templated":true}]}}