{"id":497,"date":"2017-08-16T13:59:26","date_gmt":"2017-08-16T11:59:26","guid":{"rendered":"http:\/\/agfluechtlingshilfe.org\/?p=497"},"modified":"2017-08-16T13:59:26","modified_gmt":"2017-08-16T11:59:26","slug":"der-integrations-fach-dienst-migration-ifdm","status":"publish","type":"post","link":"https:\/\/agfluechtlingshilfe.org\/?p=497","title":{"rendered":"Der Integrations-Fach-Dienst-Migration (IFDM)"},"content":{"rendered":"<p>Der Integrations-Fach-Dienst-Migration (IFDM) unterst\u00fctzt als Schaltstelle Migrantinnen und Migranten bei ihrer sprachlichen und beruflichen Qualifizierung. Er unterst\u00fctzt Zugewanderte bei der Suche nach den richtigen Partnern f\u00fcr eine gelingende Eingliederung in die Gesellschaft. Der Tr\u00e4ger des IFDM ist der Verein <a href=\"https:\/\/www.migra-mv.de\/\" target=\"_blank\" rel=\"noopener noreferrer\">migra &#8211; Sprache, Bildung und Integration<\/a>.<\/p>\n<p>Alle Informationen und vor allem auch Hinweise auf die aktuellen Beratungstermine in den verschiedenen Regionen des Landkreises k\u00f6nnen auf der <a href=\"https:\/\/www.migra-mv.de\/projekte\/ifdm-integrationsfachdienst-migration.html\" target=\"_blank\" rel=\"noopener noreferrer\">Internetseite des IFDM <\/a>abgerufen werden.<\/p>\n<p><a href=\"https:\/\/www.migra-mv.de\/projekte\/ifdm-integrationsfachdienst-migration.html\" target=\"_blank\" rel=\"noopener noreferrer\"><img loading=\"lazy\" decoding=\"async\" data-attachment-id=\"498\" data-permalink=\"https:\/\/agfluechtlingshilfe.org\/?attachment_id=498\" data-orig-file=\"https:\/\/i0.wp.com\/agfluechtlingshilfe.org\/wp-content\/uploads\/2017\/08\/migra.jpg?fit=370%2C158&amp;ssl=1\" data-orig-size=\"370,158\" data-comments-opened=\"1\" data-image-meta=\"{&quot;aperture&quot;:&quot;0&quot;,&quot;credit&quot;:&quot;&quot;,&quot;camera&quot;:&quot;&quot;,&quot;caption&quot;:&quot;&quot;,&quot;created_timestamp&quot;:&quot;0&quot;,&quot;copyright&quot;:&quot;&quot;,&quot;focal_length&quot;:&quot;0&quot;,&quot;iso&quot;:&quot;0&quot;,&quot;shutter_speed&quot;:&quot;0&quot;,&quot;title&quot;:&quot;Migra_Entwurf&quot;,&quot;orientation&quot;:&quot;1&quot;}\" data-image-title=\"Migra_Entwurf\" data-image-description=\"\" data-image-caption=\"\" data-medium-file=\"https:\/\/i0.wp.com\/agfluechtlingshilfe.org\/wp-content\/uploads\/2017\/08\/migra.jpg?fit=300%2C128&amp;ssl=1\" data-large-file=\"https:\/\/i0.wp.com\/agfluechtlingshilfe.org\/wp-content\/uploads\/2017\/08\/migra.jpg?fit=370%2C158&amp;ssl=1\" class=\"alignnone size-full wp-image-498\" src=\"https:\/\/i0.wp.com\/agfluechtlingshilfe.org\/wp-content\/uploads\/2017\/08\/migra.jpg?resize=370%2C158\" alt=\"\" width=\"370\" height=\"158\" srcset=\"https:\/\/i0.wp.com\/agfluechtlingshilfe.org\/wp-content\/uploads\/2017\/08\/migra.jpg?w=370&amp;ssl=1 370w, https:\/\/i0.wp.com\/agfluechtlingshilfe.org\/wp-content\/uploads\/2017\/08\/migra.jpg?resize=300%2C128&amp;ssl=1 300w\" sizes=\"auto, (max-width: 370px) 100vw, 370px\" data-recalc-dims=\"1\" \/><\/a><\/p>\n<p>&nbsp;<\/p>\n","protected":false},"excerpt":{"rendered":"<p>Der Integrations-Fach-Dienst-Migration (IFDM) unterst\u00fctzt als Schaltstelle Migrantinnen und Migranten bei ihrer sprachlichen und beruflichen Qualifizierung. Er unterst\u00fctzt Zugewanderte bei der Suche nach den richtigen Partnern f\u00fcr eine gelingende Eingliederung in die Gesellschaft. Der Tr\u00e4ger des IFDM ist der Verein migra &#8211; Sprache, Bildung und Integration. Alle Informationen und vor allem auch Hinweise auf die aktuellen &hellip; <a href=\"https:\/\/agfluechtlingshilfe.org\/?p=497\" class=\"more-link\"><span class=\"screen-reader-text\">Der Integrations-Fach-Dienst-Migration (IFDM)<\/span> weiterlesen<\/a><\/p>\n","protected":false},"author":1,"featured_media":0,"comment_status":"open","ping_status":"open","sticky":false,"template":"","format":"standard","meta":{"footnotes":"","jetpack_publicize_message":"","jetpack_is_tweetstorm":false,"jetpack_publicize_feature_enabled":true,"jetpack_social_post_already_shared":true,"jetpack_social_options":{"image_generator_settings":{"template":"highway","enabled":false}}},"categories":[17],"tags":[],"class_list":["post-497","post","type-post","status-publish","format-standard","hentry","category-arbeitserlaubnis-und-arbeitsplatzsuche"],"jetpack_publicize_connections":[],"jetpack_featured_media_url":"","jetpack_sharing_enabled":true,"jetpack_shortlink":"https:\/\/wp.me\/p8ejgX-81","jetpack-related-posts":[{"id":424,"url":"https:\/\/agfluechtlingshilfe.org\/?p=424","url_meta":{"origin":497,"position":0},"title":"Morgen, 10.05.17: unser offenes Treffen f\u00fcr alle Interessierten und Engagierten","author":"agfluechtlingshilfehst","date":"9. Mai 2017","format":false,"excerpt":"... in der Fl\u00fcchtlingshilfe und alle die Lust h\u00e4tten welche zu werden ;-) Morgen Abend findet wieder unser monatliches offenes Treffen statt. Alle die mit uns und anderen zum Thema Fl\u00fcchtlingshilfe und Integration\u00a0 in Kontakt kommen wollen sind herzlich eingeladen! Dieses Mal lohnt es sich besonders, weil Frau Breuer und\u2026","rel":"","context":"In &quot;Aktuelles&quot;","block_context":{"text":"Aktuelles","link":"https:\/\/agfluechtlingshilfe.org\/?cat=1"},"img":{"alt_text":"","src":"https:\/\/i0.wp.com\/agfluechtlingshilfe.org\/wp-content\/uploads\/2016\/11\/12031508_1500753230243961_6643011437425886673_o-e1482351463325.jpg?resize=350%2C200","width":350,"height":200},"classes":[]},{"id":467,"url":"https:\/\/agfluechtlingshilfe.org\/?p=467","url_meta":{"origin":497,"position":1},"title":"DRK-Team gewinnt und spendet&#8230;","author":"agfluechtlingshilfehst","date":"22. Juli 2017","format":false,"excerpt":"...wir sagen DANKE!!! Das war ein tolle \u00dcberraschung: das DRK Sanit\u00e4terteam\u00a0 des KV R\u00fcgen\/ Bereitschaft Stralsund wurde mit seinem Foto nicht nur zum Gewinner der Fotoaktion von Claas Abraham auf dem Campus Spektakel erkoren, sie spendeten ihren Preis postwendend unserer Fahrradwerkstatt. Der Preis war n\u00e4mlich ein Gutschein f\u00fcr den Fahrradhandel\u2026","rel":"","context":"In &quot;Aktuelles&quot;","block_context":{"text":"Aktuelles","link":"https:\/\/agfluechtlingshilfe.org\/?cat=1"},"img":{"alt_text":"","src":"https:\/\/i0.wp.com\/agfluechtlingshilfe.org\/wp-content\/uploads\/2017\/07\/DRK_Gewinnerbild.jpg?resize=350%2C200","width":350,"height":200,"srcset":"https:\/\/i0.wp.com\/agfluechtlingshilfe.org\/wp-content\/uploads\/2017\/07\/DRK_Gewinnerbild.jpg?resize=350%2C200 1x, https:\/\/i0.wp.com\/agfluechtlingshilfe.org\/wp-content\/uploads\/2017\/07\/DRK_Gewinnerbild.jpg?resize=525%2C300 1.5x, https:\/\/i0.wp.com\/agfluechtlingshilfe.org\/wp-content\/uploads\/2017\/07\/DRK_Gewinnerbild.jpg?resize=700%2C400 2x, https:\/\/i0.wp.com\/agfluechtlingshilfe.org\/wp-content\/uploads\/2017\/07\/DRK_Gewinnerbild.jpg?resize=1050%2C600 3x, https:\/\/i0.wp.com\/agfluechtlingshilfe.org\/wp-content\/uploads\/2017\/07\/DRK_Gewinnerbild.jpg?resize=1400%2C800 4x"},"classes":[]},{"id":1289,"url":"https:\/\/agfluechtlingshilfe.org\/?p=1289","url_meta":{"origin":497,"position":2},"title":"Peppa zu Besuch bei den Kindern auf dem D\u00e4nholm","author":"agfluechtlingshilfehst","date":"12. Juli 2022","format":false,"excerpt":"Fotograf: Andr\u00e9 Lehnert | abgebildete Person: Paula Scherf | copyright: disdance project Am 5.7.2022 kam uns das Team von disdance project auf dem D\u00e4nholm besuchen und sie brachten PEPPA mit! PEPPA erlebt in clownesken Theater-Miniaturen, die ohne Sprache auskommen, Situationen, die Kindern nur zu vertraut sind. Bei uns war das\u2026","rel":"","context":"In &quot;Aktuelles&quot;","block_context":{"text":"Aktuelles","link":"https:\/\/agfluechtlingshilfe.org\/?cat=1"},"img":{"alt_text":"","src":"https:\/\/i0.wp.com\/agfluechtlingshilfe.org\/wp-content\/uploads\/2022\/07\/tafel_1.jpg?resize=350%2C200&ssl=1","width":350,"height":200},"classes":[]},{"id":509,"url":"https:\/\/agfluechtlingshilfe.org\/?p=509","url_meta":{"origin":497,"position":3},"title":"Lauf gegen Rassismus","author":"agfluechtlingshilfehst","date":"25. August 2017","format":false,"excerpt":"am 27. August findet zum 2. Mal der Lauf gegen Rassismus statt. Start und Sammelpunkt ist auf der Wiese vor dem Hansa Gymnasium. Es kann \u00fcber mindestens zwei Distanzen gelaufen werden: 5km und 7km. Das Startgeld betr\u00e4gt 5 \u20ac und alle Einnahmen werden zu 100% f\u00fcr Kinder aus Familien eingesetzt,\u2026","rel":"","context":"In &quot;Aktuelles&quot;","block_context":{"text":"Aktuelles","link":"https:\/\/agfluechtlingshilfe.org\/?cat=1"},"img":{"alt_text":"","src":"https:\/\/i0.wp.com\/agfluechtlingshilfe.org\/wp-content\/uploads\/2017\/08\/Lauf2017.jpg?resize=350%2C200","width":350,"height":200,"srcset":"https:\/\/i0.wp.com\/agfluechtlingshilfe.org\/wp-content\/uploads\/2017\/08\/Lauf2017.jpg?resize=350%2C200 1x, https:\/\/i0.wp.com\/agfluechtlingshilfe.org\/wp-content\/uploads\/2017\/08\/Lauf2017.jpg?resize=525%2C300 1.5x, https:\/\/i0.wp.com\/agfluechtlingshilfe.org\/wp-content\/uploads\/2017\/08\/Lauf2017.jpg?resize=700%2C400 2x, https:\/\/i0.wp.com\/agfluechtlingshilfe.org\/wp-content\/uploads\/2017\/08\/Lauf2017.jpg?resize=1050%2C600 3x"},"classes":[]},{"id":605,"url":"https:\/\/agfluechtlingshilfe.org\/?p=605","url_meta":{"origin":497,"position":4},"title":"Alte Fahrr\u00e4der gesucht&#8230;","author":"agfluechtlingshilfehst","date":"3. M\u00e4rz 2018","format":false,"excerpt":"Unsere Fahrradwerkstatt ist dringend auf weitere Fahrrad-Spenden angewiesen. Wer zu Hause noch einen alten und halbwegs fahr-t\u00fcchtigen Drahtesel stehen hat, kann sich gerne bei uns melden (info@agfluechtlingshilfe.org). Wir holen ihn dann nach Absprache ab. Um den Fl\u00fcchtlingen die dringend erforderliche Mobilit\u00e4t zu erm\u00f6glichen, die sie brauchen um die vielen Aufgaben\u2026","rel":"","context":"In &quot;Aktuelles&quot;","block_context":{"text":"Aktuelles","link":"https:\/\/agfluechtlingshilfe.org\/?cat=1"},"img":{"alt_text":"","src":"https:\/\/i0.wp.com\/agfluechtlingshilfe.org\/wp-content\/uploads\/2016\/12\/IMG_9788Red.jpg?resize=350%2C200","width":350,"height":200},"classes":[]},{"id":488,"url":"https:\/\/agfluechtlingshilfe.org\/?p=488","url_meta":{"origin":497,"position":5},"title":"Neuer Ort, neue Termine: das Begegnungscaf\u00e9 ist aus der Sommerpause zur\u00fcck!","author":"agfluechtlingshilfehst","date":"7. September 2017","format":false,"excerpt":"...die Sommerpause des Begegnungscaf\u00e9 geht zu Ende und die neuen Termine UND DER NEUE ORT stehen bereits fest! Aufgrund des Umzugs der VHS Stralsund ist es aktuell nicht mehr m\u00f6glich dort unser Begegnungscaf\u00e9 stattfinden zu lassen. Aus dieser Not ergab sich, wie so oft im Leben, eine neue Chance: Susanne\u2026","rel":"","context":"In &quot;Aktuelles&quot;","block_context":{"text":"Aktuelles","link":"https:\/\/agfluechtlingshilfe.org\/?cat=1"},"img":{"alt_text":"","src":"https:\/\/i0.wp.com\/agfluechtlingshilfe.org\/wp-content\/uploads\/2017\/08\/BC_NeueTermine2017_Flyer.jpg?resize=350%2C200","width":350,"height":200,"srcset":"https:\/\/i0.wp.com\/agfluechtlingshilfe.org\/wp-content\/uploads\/2017\/08\/BC_NeueTermine2017_Flyer.jpg?resize=350%2C200 1x, https:\/\/i0.wp.com\/agfluechtlingshilfe.org\/wp-content\/uploads\/2017\/08\/BC_NeueTermine2017_Flyer.jpg?resize=525%2C300 1.5x, https:\/\/i0.wp.com\/agfluechtlingshilfe.org\/wp-content\/uploads\/2017\/08\/BC_NeueTermine2017_Flyer.jpg?resize=700%2C400 2x, https:\/\/i0.wp.com\/agfluechtlingshilfe.org\/wp-content\/uploads\/2017\/08\/BC_NeueTermine2017_Flyer.jpg?resize=1050%2C600 3x, https:\/\/i0.wp.com\/agfluechtlingshilfe.org\/wp-content\/uploads\/2017\/08\/BC_NeueTermine2017_Flyer.jpg?resize=1400%2C800 4x"},"classes":[]}],"jetpack_likes_enabled":true,"_links":{"self":[{"href":"https:\/\/agfluechtlingshilfe.org\/index.php?rest_route=\/wp\/v2\/posts\/497","targetHints":{"allow":["GET"]}}],"collection":[{"href":"https:\/\/agfluechtlingshilfe.org\/index.php?rest_route=\/wp\/v2\/posts"}],"about":[{"href":"https:\/\/agfluechtlingshilfe.org\/index.php?rest_route=\/wp\/v2\/types\/post"}],"author":[{"embeddable":true,"href":"https:\/\/agfluechtlingshilfe.org\/index.php?rest_route=\/wp\/v2\/users\/1"}],"replies":[{"embeddable":true,"href":"https:\/\/agfluechtlingshilfe.org\/index.php?rest_route=%2Fwp%2Fv2%2Fcomments&post=497"}],"version-history":[{"count":3,"href":"https:\/\/agfluechtlingshilfe.org\/index.php?rest_route=\/wp\/v2\/posts\/497\/revisions"}],"predecessor-version":[{"id":501,"href":"https:\/\/agfluechtlingshilfe.org\/index.php?rest_route=\/wp\/v2\/posts\/497\/revisions\/501"}],"wp:attachment":[{"href":"https:\/\/agfluechtlingshilfe.org\/index.php?rest_route=%2Fwp%2Fv2%2Fmedia&parent=497"}],"wp:term":[{"taxonomy":"category","embeddable":true,"href":"https:\/\/agfluechtlingshilfe.org\/index.php?rest_route=%2Fwp%2Fv2%2Fcategories&post=497"},{"taxonomy":"post_tag","embeddable":true,"href":"https:\/\/agfluechtlingshilfe.org\/index.php?rest_route=%2Fwp%2Fv2%2Ftags&post=497"}],"curies":[{"name":"wp","href":"https:\/\/api.w.org\/{rel}","templated":true}]}}