{"id":488,"date":"2017-09-07T09:30:44","date_gmt":"2017-09-07T07:30:44","guid":{"rendered":"http:\/\/agfluechtlingshilfe.org\/?p=488"},"modified":"2017-09-05T20:48:42","modified_gmt":"2017-09-05T18:48:42","slug":"neuer-ort-neue-termine-das-begegnungscafe-ist-aus-der-sommerpause-zurueck","status":"publish","type":"post","link":"https:\/\/agfluechtlingshilfe.org\/?p=488","title":{"rendered":"Neuer Ort, neue Termine: das Begegnungscaf\u00e9 ist aus der Sommerpause zur\u00fcck!"},"content":{"rendered":"<p>&#8230;die Sommerpause des Begegnungscaf\u00e9 geht zu Ende und die neuen Termine UND DER NEUE ORT stehen bereits fest!<\/p>\n<p>Aufgrund des Umzugs der VHS Stralsund ist es aktuell nicht mehr m\u00f6glich dort unser Begegnungscaf\u00e9 stattfinden zu lassen. Aus dieser Not ergab sich, wie so oft im Leben, eine neue Chance: Susanne Tessendorf vom <a href=\"http:\/\/kdw-hst.de\/gemeinwesenarbeit\/mehrgenerationenhaus-stralsund\/startseite.html\" target=\"_blank\" rel=\"noopener noreferrer\">Mehrgenerationenhaus <\/a>im Speicher am Katharinenberg nahm uns mit offenen Armen auf. Vielen Dank schon einmal f\u00fcr diesen warmen Empfang.<\/p>\n<p>Ab sofort findet unser Begegnungscaf\u00e9 also im <a href=\"https:\/\/www.google.de\/maps\/place\/Kreisdiakonisches+Werk+Stralsund+e.V.+Freizeittreff+Bleicheneck\/@54.3112899,13.0856001,15z\/data=!4m5!3m4!1s0x0:0xad40576de4138361!8m2!3d54.3112899!4d13.0856001\" target=\"_blank\" rel=\"noopener noreferrer\">Speicher am Katharinenberg 35<\/a> statt (nicht wundern, im Speicher sind noch viele andere Zuhause, wie z.B. die Spielkartenfabrik, der M\u00fcckenschweinverlag und der Freizeittreff Bleicheneck des KdW).<\/p>\n<p>Der n\u00e4chste und damit erste Termin nach der Sommerpause ist diesen Freitag, den 8.9.2017, wie immer ab 14 Uhr.<\/p>\n<p><a href=\"https:\/\/i0.wp.com\/agfluechtlingshilfe.org\/wp-content\/uploads\/2017\/08\/BC_NeueTermine2017_Flyer.jpg\"><img loading=\"lazy\" decoding=\"async\" data-attachment-id=\"492\" data-permalink=\"https:\/\/agfluechtlingshilfe.org\/?attachment_id=492\" data-orig-file=\"https:\/\/i0.wp.com\/agfluechtlingshilfe.org\/wp-content\/uploads\/2017\/08\/BC_NeueTermine2017_Flyer.jpg?fit=2117%2C1587&amp;ssl=1\" data-orig-size=\"2117,1587\" data-comments-opened=\"1\" data-image-meta=\"{&quot;aperture&quot;:&quot;0&quot;,&quot;credit&quot;:&quot;&quot;,&quot;camera&quot;:&quot;&quot;,&quot;caption&quot;:&quot;&quot;,&quot;created_timestamp&quot;:&quot;0&quot;,&quot;copyright&quot;:&quot;&quot;,&quot;focal_length&quot;:&quot;0&quot;,&quot;iso&quot;:&quot;0&quot;,&quot;shutter_speed&quot;:&quot;0&quot;,&quot;title&quot;:&quot;&quot;,&quot;orientation&quot;:&quot;0&quot;}\" data-image-title=\"BC_NeueTermine2017_Flyer\" data-image-description=\"\" data-image-caption=\"\" data-medium-file=\"https:\/\/i0.wp.com\/agfluechtlingshilfe.org\/wp-content\/uploads\/2017\/08\/BC_NeueTermine2017_Flyer.jpg?fit=300%2C225&amp;ssl=1\" data-large-file=\"https:\/\/i0.wp.com\/agfluechtlingshilfe.org\/wp-content\/uploads\/2017\/08\/BC_NeueTermine2017_Flyer.jpg?fit=660%2C495&amp;ssl=1\" class=\"alignnone size-full wp-image-492\" src=\"https:\/\/i0.wp.com\/agfluechtlingshilfe.org\/wp-content\/uploads\/2017\/08\/BC_NeueTermine2017_Flyer.jpg?resize=660%2C495\" alt=\"\" width=\"660\" height=\"495\" srcset=\"https:\/\/i0.wp.com\/agfluechtlingshilfe.org\/wp-content\/uploads\/2017\/08\/BC_NeueTermine2017_Flyer.jpg?w=2117&amp;ssl=1 2117w, https:\/\/i0.wp.com\/agfluechtlingshilfe.org\/wp-content\/uploads\/2017\/08\/BC_NeueTermine2017_Flyer.jpg?resize=300%2C225&amp;ssl=1 300w, https:\/\/i0.wp.com\/agfluechtlingshilfe.org\/wp-content\/uploads\/2017\/08\/BC_NeueTermine2017_Flyer.jpg?resize=768%2C576&amp;ssl=1 768w, https:\/\/i0.wp.com\/agfluechtlingshilfe.org\/wp-content\/uploads\/2017\/08\/BC_NeueTermine2017_Flyer.jpg?resize=1024%2C768&amp;ssl=1 1024w, https:\/\/i0.wp.com\/agfluechtlingshilfe.org\/wp-content\/uploads\/2017\/08\/BC_NeueTermine2017_Flyer.jpg?w=1320 1320w, https:\/\/i0.wp.com\/agfluechtlingshilfe.org\/wp-content\/uploads\/2017\/08\/BC_NeueTermine2017_Flyer.jpg?w=1980 1980w\" sizes=\"auto, (max-width: 660px) 100vw, 660px\" data-recalc-dims=\"1\" \/><\/a><\/p>\n","protected":false},"excerpt":{"rendered":"<p>&#8230;die Sommerpause des Begegnungscaf\u00e9 geht zu Ende und die neuen Termine UND DER NEUE ORT stehen bereits fest! Aufgrund des Umzugs der VHS Stralsund ist es aktuell nicht mehr m\u00f6glich dort unser Begegnungscaf\u00e9 stattfinden zu lassen. Aus dieser Not ergab sich, wie so oft im Leben, eine neue Chance: Susanne Tessendorf vom Mehrgenerationenhaus im Speicher &hellip; <a href=\"https:\/\/agfluechtlingshilfe.org\/?p=488\" class=\"more-link\"><span class=\"screen-reader-text\">Neuer Ort, neue Termine: das Begegnungscaf\u00e9 ist aus der Sommerpause zur\u00fcck!<\/span> weiterlesen<\/a><\/p>\n","protected":false},"author":1,"featured_media":0,"comment_status":"open","ping_status":"open","sticky":false,"template":"","format":"standard","meta":{"footnotes":"","jetpack_publicize_message":"","jetpack_is_tweetstorm":false,"jetpack_publicize_feature_enabled":true,"jetpack_social_post_already_shared":true,"jetpack_social_options":{"image_generator_settings":{"template":"highway","enabled":false}}},"categories":[1],"tags":[],"class_list":["post-488","post","type-post","status-publish","format-standard","hentry","category-aktuelles"],"jetpack_publicize_connections":[],"jetpack_featured_media_url":"","jetpack_sharing_enabled":true,"jetpack_shortlink":"https:\/\/wp.me\/p8ejgX-7S","jetpack-related-posts":[{"id":536,"url":"https:\/\/agfluechtlingshilfe.org\/?p=536","url_meta":{"origin":488,"position":0},"title":"MORGEN: Zeit f\u00fcr Begegnungen","author":"agfluechtlingshilfehst","date":"21. September 2017","format":false,"excerpt":"Es ist wieder Zeit f\u00fcr Begegnungen. Morgen, Freitag den 22.09.2017 von 14- 17 Uhr im Speicher am Katharinenberg findet das zweite Begegnungscaf\u00e9 seit der Sommerpause statt. F\u00fcr alle, die mal in die direkte Fl\u00fcchtlingshilfe hinein-schnuppern wollen, ist das ein toller erster Einstieg. Wir sind offen f\u00fcr alle und alles (gerne\u2026","rel":"","context":"In &quot;Aktuelles&quot;","block_context":{"text":"Aktuelles","link":"https:\/\/agfluechtlingshilfe.org\/?cat=1"},"img":{"alt_text":"","src":"","width":0,"height":0},"classes":[]},{"id":575,"url":"https:\/\/agfluechtlingshilfe.org\/?p=575","url_meta":{"origin":488,"position":1},"title":"Das erste Begegnungscaf\u00e9 in 2018 &#8230;","author":"agfluechtlingshilfehst","date":"9. Januar 2018","format":false,"excerpt":"...am 12.01.2018 ab 15 Uhr findet das erste Begegnungscaf\u00e9 im neuen Jahr im Speicher am Katharinenberg statt. Wir freuen uns auf viele bekannte und hoffentlich auch neue Gesichter! Euer BC-Team :-) \u00a0","rel":"","context":"In &quot;Aktuelles&quot;","block_context":{"text":"Aktuelles","link":"https:\/\/agfluechtlingshilfe.org\/?cat=1"},"img":{"alt_text":"","src":"https:\/\/i0.wp.com\/agfluechtlingshilfe.org\/wp-content\/uploads\/2018\/01\/IMG-20170910-WA0000.jpg?resize=350%2C200","width":350,"height":200,"srcset":"https:\/\/i0.wp.com\/agfluechtlingshilfe.org\/wp-content\/uploads\/2018\/01\/IMG-20170910-WA0000.jpg?resize=350%2C200 1x, https:\/\/i0.wp.com\/agfluechtlingshilfe.org\/wp-content\/uploads\/2018\/01\/IMG-20170910-WA0000.jpg?resize=525%2C300 1.5x, https:\/\/i0.wp.com\/agfluechtlingshilfe.org\/wp-content\/uploads\/2018\/01\/IMG-20170910-WA0000.jpg?resize=700%2C400 2x, https:\/\/i0.wp.com\/agfluechtlingshilfe.org\/wp-content\/uploads\/2018\/01\/IMG-20170910-WA0000.jpg?resize=1050%2C600 3x"},"classes":[]},{"id":597,"url":"https:\/\/agfluechtlingshilfe.org\/?p=597","url_meta":{"origin":488,"position":2},"title":"Kleiner Bericht vom letzten Begegnungscaf\u00e9","author":"agfluechtlingshilfehst","date":"4. M\u00e4rz 2018","format":false,"excerpt":"\"Wau, was f\u00fcr ein BC das (dieses Mal) war... ...Susanne Tessendorf hat uns das Bleicheneck \u00fcberlassen und eine Servicehilfe (Anna) zur Seite gestellt. Was f\u00fcr ein Komfort! Viele Neue diesmal. Reinhard vom ADFC hat mit uns die Radtour am 07.04.18 besprochen. Walter vom ADFC h\u00e4lt n\u00e4chstes Mal einen Vortrag \u00fcber\u2026","rel":"","context":"In &quot;Aktuelles&quot;","block_context":{"text":"Aktuelles","link":"https:\/\/agfluechtlingshilfe.org\/?cat=1"},"img":{"alt_text":"","src":"","width":0,"height":0},"classes":[]},{"id":624,"url":"https:\/\/agfluechtlingshilfe.org\/?p=624","url_meta":{"origin":488,"position":3},"title":"Geschichte(n) \u00fcber die neue Heimat &#8211; ein Stadtrundgang hilft Fremdes besser zu verstehen","author":"agfluechtlingshilfehst","date":"26. M\u00e4rz 2018","format":false,"excerpt":"Am vergangenen Freitag war nicht nur wieder unser \"ganz normales\" Begegnungscaf\u00e9 im Speicher am Katharinenberg, dieses Mal konnten alle Besucher ab 16.30 Uhr die Gelegenheit nutzen, an einer ganz speziellen Stadtf\u00fchrung teilzunehmen. Die Integrationsbeauftragte der Stadt, Frau Anja Schmuck, hatte eingeladen und 15 Alt- und Neub\u00fcrger nahmen das Angebot am\u2026","rel":"","context":"In &quot;Aktuelles&quot;","block_context":{"text":"Aktuelles","link":"https:\/\/agfluechtlingshilfe.org\/?cat=1"},"img":{"alt_text":"","src":"https:\/\/i0.wp.com\/agfluechtlingshilfe.org\/wp-content\/uploads\/2018\/03\/IMG-20180326-WA0000.jpg?resize=350%2C200","width":350,"height":200,"srcset":"https:\/\/i0.wp.com\/agfluechtlingshilfe.org\/wp-content\/uploads\/2018\/03\/IMG-20180326-WA0000.jpg?resize=350%2C200 1x, https:\/\/i0.wp.com\/agfluechtlingshilfe.org\/wp-content\/uploads\/2018\/03\/IMG-20180326-WA0000.jpg?resize=525%2C300 1.5x, https:\/\/i0.wp.com\/agfluechtlingshilfe.org\/wp-content\/uploads\/2018\/03\/IMG-20180326-WA0000.jpg?resize=700%2C400 2x, https:\/\/i0.wp.com\/agfluechtlingshilfe.org\/wp-content\/uploads\/2018\/03\/IMG-20180326-WA0000.jpg?resize=1050%2C600 3x"},"classes":[]},{"id":766,"url":"https:\/\/agfluechtlingshilfe.org\/?p=766","url_meta":{"origin":488,"position":4},"title":"Das BC schlie\u00dft seine Tore&#8230;auf zu Neuem","author":"agfluechtlingshilfehst","date":"16. Januar 2019","format":false,"excerpt":"Das Begegnungscaf\u00e9 war seit 2015 ein zentrales Projekt unseres Vereins, mit dessen Hilfe vor allem ein niedrigschwelliger erster Kontakt zwischen Alt- und Neub\u00fcrgern hergestellt werden konnte. Viele gute und hilfreiche Kontakte konnten in diesen Jahren gekn\u00fcpft werden und vor allem der Umgang auf Augenh\u00f6he miteinander war ein hervorstechendes Merkmal des\u2026","rel":"","context":"In &quot;Aktuelles&quot;","block_context":{"text":"Aktuelles","link":"https:\/\/agfluechtlingshilfe.org\/?cat=1"},"img":{"alt_text":"","src":"https:\/\/i0.wp.com\/agfluechtlingshilfe.org\/wp-content\/uploads\/2016\/12\/15135464_813248152149441_855279807_n.jpg?resize=350%2C200","width":350,"height":200,"srcset":"https:\/\/i0.wp.com\/agfluechtlingshilfe.org\/wp-content\/uploads\/2016\/12\/15135464_813248152149441_855279807_n.jpg?resize=350%2C200 1x, https:\/\/i0.wp.com\/agfluechtlingshilfe.org\/wp-content\/uploads\/2016\/12\/15135464_813248152149441_855279807_n.jpg?resize=525%2C300 1.5x, https:\/\/i0.wp.com\/agfluechtlingshilfe.org\/wp-content\/uploads\/2016\/12\/15135464_813248152149441_855279807_n.jpg?resize=700%2C400 2x"},"classes":[]},{"id":1164,"url":"https:\/\/agfluechtlingshilfe.org\/?p=1164","url_meta":{"origin":488,"position":5},"title":"Unsere neuen Projekte suchen Helfer!","author":"agfluechtlingshilfehst","date":"23. M\u00e4rz 2022","format":false,"excerpt":"Nach zwei sehr effektiven Planungstreffen mit vielen neuen Helfern kann es jetzt losgehen. Wir suchen aber noch dringend ehrenamtliche Helfer, die uns in unseren Projekten unterst\u00fctzen, damit diese zuverl\u00e4ssig und dauerhaft in die Tat umgesetzt werden k\u00f6nnen. Wir starten die folgenden Projekte nicht nur aus Anlass der hohen Fl\u00fcchtlingszahlen aus\u2026","rel":"","context":"In &quot;Aktuelles&quot;","block_context":{"text":"Aktuelles","link":"https:\/\/agfluechtlingshilfe.org\/?cat=1"},"img":{"alt_text":"","src":"https:\/\/i0.wp.com\/agfluechtlingshilfe.org\/wp-content\/uploads\/2022\/03\/ProjektBilder2022_3.png?resize=350%2C200&ssl=1","width":350,"height":200,"srcset":"https:\/\/i0.wp.com\/agfluechtlingshilfe.org\/wp-content\/uploads\/2022\/03\/ProjektBilder2022_3.png?resize=350%2C200&ssl=1 1x, https:\/\/i0.wp.com\/agfluechtlingshilfe.org\/wp-content\/uploads\/2022\/03\/ProjektBilder2022_3.png?resize=525%2C300&ssl=1 1.5x, https:\/\/i0.wp.com\/agfluechtlingshilfe.org\/wp-content\/uploads\/2022\/03\/ProjektBilder2022_3.png?resize=700%2C400&ssl=1 2x"},"classes":[]}],"jetpack_likes_enabled":true,"_links":{"self":[{"href":"https:\/\/agfluechtlingshilfe.org\/index.php?rest_route=\/wp\/v2\/posts\/488","targetHints":{"allow":["GET"]}}],"collection":[{"href":"https:\/\/agfluechtlingshilfe.org\/index.php?rest_route=\/wp\/v2\/posts"}],"about":[{"href":"https:\/\/agfluechtlingshilfe.org\/index.php?rest_route=\/wp\/v2\/types\/post"}],"author":[{"embeddable":true,"href":"https:\/\/agfluechtlingshilfe.org\/index.php?rest_route=\/wp\/v2\/users\/1"}],"replies":[{"embeddable":true,"href":"https:\/\/agfluechtlingshilfe.org\/index.php?rest_route=%2Fwp%2Fv2%2Fcomments&post=488"}],"version-history":[{"count":6,"href":"https:\/\/agfluechtlingshilfe.org\/index.php?rest_route=\/wp\/v2\/posts\/488\/revisions"}],"predecessor-version":[{"id":528,"href":"https:\/\/agfluechtlingshilfe.org\/index.php?rest_route=\/wp\/v2\/posts\/488\/revisions\/528"}],"wp:attachment":[{"href":"https:\/\/agfluechtlingshilfe.org\/index.php?rest_route=%2Fwp%2Fv2%2Fmedia&parent=488"}],"wp:term":[{"taxonomy":"category","embeddable":true,"href":"https:\/\/agfluechtlingshilfe.org\/index.php?rest_route=%2Fwp%2Fv2%2Fcategories&post=488"},{"taxonomy":"post_tag","embeddable":true,"href":"https:\/\/agfluechtlingshilfe.org\/index.php?rest_route=%2Fwp%2Fv2%2Ftags&post=488"}],"curies":[{"name":"wp","href":"https:\/\/api.w.org\/{rel}","templated":true}]}}