{"id":462,"date":"2017-07-24T19:08:57","date_gmt":"2017-07-24T17:08:57","guid":{"rendered":"http:\/\/agfluechtlingshilfe.org\/?p=462"},"modified":"2017-07-22T19:09:25","modified_gmt":"2017-07-22T17:09:25","slug":"spende-von-der-sparkasse-vorpommern","status":"publish","type":"post","link":"https:\/\/agfluechtlingshilfe.org\/?p=462","title":{"rendered":"Spende von der Sparkasse Vorpommern"},"content":{"rendered":"<p><a href=\"https:\/\/i0.wp.com\/agfluechtlingshilfe.org\/wp-content\/uploads\/2017\/07\/spk-logo-mobile.png\"><img loading=\"lazy\" decoding=\"async\" class=\"alignnone size-full wp-image-463\" src=\"https:\/\/i0.wp.com\/agfluechtlingshilfe.org\/wp-content\/uploads\/2017\/07\/spk-logo-mobile.png?resize=300%2C121\" alt=\"\" width=\"300\" height=\"121\" data-recalc-dims=\"1\" \/><\/a><\/p>\n<p>Die Sparkasse Vorpommern hat unserer Fahrradwerkstatt und unserem Sprachkurs 500\u20ac gespendet! Damit k\u00f6nnen wir endliche Regale und weitere dringend ben\u00f6tigte Materialien f\u00fcr die Werkstatt anschaffen und der Sprachkurs kann sich mit Lernmitteln ausstatten, um die vielen eifrigen Teilnehmer noch besser beim &#8222;b\u00fcffeln&#8220; unserer Sprache zu unterst\u00fctzen.<\/p>\n<p>Wir sagen DANKE! und werden an dieser Stelle berichten, sobald sich das Geld in sichtbare Ergebnisse verwandelt hat.<\/p>\n","protected":false},"excerpt":{"rendered":"<p>Die Sparkasse Vorpommern hat unserer Fahrradwerkstatt und unserem Sprachkurs 500\u20ac gespendet! Damit k\u00f6nnen wir endliche Regale und weitere dringend ben\u00f6tigte Materialien f\u00fcr die Werkstatt anschaffen und der Sprachkurs kann sich mit Lernmitteln ausstatten, um die vielen eifrigen Teilnehmer noch besser beim &#8222;b\u00fcffeln&#8220; unserer Sprache zu unterst\u00fctzen. Wir sagen DANKE! und werden an dieser Stelle berichten, &hellip; <a href=\"https:\/\/agfluechtlingshilfe.org\/?p=462\" class=\"more-link\"><span class=\"screen-reader-text\">Spende von der Sparkasse Vorpommern<\/span> weiterlesen<\/a><\/p>\n","protected":false},"author":1,"featured_media":0,"comment_status":"open","ping_status":"open","sticky":false,"template":"","format":"standard","meta":{"footnotes":"","jetpack_publicize_message":"","jetpack_is_tweetstorm":false,"jetpack_publicize_feature_enabled":true,"jetpack_social_post_already_shared":true,"jetpack_social_options":{"image_generator_settings":{"template":"highway","enabled":false}}},"categories":[1],"tags":[],"class_list":["post-462","post","type-post","status-publish","format-standard","hentry","category-aktuelles"],"jetpack_publicize_connections":[],"jetpack_featured_media_url":"","jetpack_sharing_enabled":true,"jetpack_shortlink":"https:\/\/wp.me\/p8ejgX-7s","jetpack-related-posts":[{"id":692,"url":"https:\/\/agfluechtlingshilfe.org\/?p=692","url_meta":{"origin":462,"position":0},"title":"Sommerpause unserer Projekte und&#8230;.","author":"agfluechtlingshilfehst","date":"21. Juli 2018","format":false,"excerpt":"....so manche Neuerung f\u00fcr die Zeit danach. Unsere Sommerpause hat begonnen. Das bedeutet, dass die meisten unserer Projekte erst ab August wieder Termine anbieten. Welches Projekt wann genau wieder am Start ist, k\u00f6nnt ihr in unserem Kalender finden. Eine Ver\u00e4nderung wird es dann ab August in unserem Sprachkurs-Projekt geben. Es\u2026","rel":"","context":"In &quot;Aktuelles&quot;","block_context":{"text":"Aktuelles","link":"https:\/\/agfluechtlingshilfe.org\/?cat=1"},"img":{"alt_text":"","src":"","width":0,"height":0},"classes":[]},{"id":379,"url":"https:\/\/agfluechtlingshilfe.org\/?p=379","url_meta":{"origin":462,"position":1},"title":"Reaktion auf unseren offenen Brief","author":"agfluechtlingshilfehst","date":"15. Januar 2017","format":false,"excerpt":"Ein kurzes Update zu unserem offenen Brief an unseren Landrat Herrn Drescher. Herr Drescher hat sich umgehend bei uns gemeldet und wir werden ihn und seine Mitarbeiter am 26.1.2017 zu einem ersten Gespr\u00e4ch treffen. Wir freuen uns sehr auf diesen Dialog und sind uns sicher, dass auf diesem Weg die\u2026","rel":"","context":"In &quot;Aktuelles&quot;","block_context":{"text":"Aktuelles","link":"https:\/\/agfluechtlingshilfe.org\/?cat=1"},"img":{"alt_text":"","src":"","width":0,"height":0},"classes":[]},{"id":1145,"url":"https:\/\/agfluechtlingshilfe.org\/?p=1145","url_meta":{"origin":462,"position":2},"title":"Ein guter Start&#8230;","author":"agfluechtlingshilfehst","date":"12. M\u00e4rz 2022","format":false,"excerpt":"... war das Kick-Off Treffen am Freitagabend den 11.3.2022 auf jeden Fall schon mal! 28 Menschen waren unserer Einladung gefolgt und in die Sporthalle der Goethe-Schule gekommen. Wir haben uns riesig \u00fcber die wirklich positive Stimmung und die engagierte, aktive Arbeit gefreut, die alle an diesem Abend mit eingebracht haben.\u2026","rel":"","context":"In &quot;Aktuelles&quot;","block_context":{"text":"Aktuelles","link":"https:\/\/agfluechtlingshilfe.org\/?cat=1"},"img":{"alt_text":"","src":"https:\/\/i0.wp.com\/agfluechtlingshilfe.org\/wp-content\/uploads\/2016\/12\/agfluechtlingshilfeLOGO.jpg?resize=350%2C200&ssl=1","width":350,"height":200},"classes":[]},{"id":421,"url":"https:\/\/agfluechtlingshilfe.org\/?p=421","url_meta":{"origin":462,"position":3},"title":"Ein Bericht zur 10. Ehrenamtsmesse im Stralsunder Rathaus am 1.April 2017","author":"agfluechtlingshilfehst","date":"21. April 2017","format":false,"excerpt":"Warum Ehrenamt? Warum zus\u00e4tzlich zu den allt\u00e4glichen Verpflichtungen eine weitere Aufgabe annehmen? Und dass in Zeiten, in denen man nie genug Zeit zu haben scheint? Inwiefern sich diese Fragen alle anderen Standbetreuer auf der Ehrenamtsmesse gestellt haben, vermag ich nicht zu sagen. Allein die Vielfalt all derer, die sich an\u2026","rel":"","context":"In &quot;Aktuelles&quot;","block_context":{"text":"Aktuelles","link":"https:\/\/agfluechtlingshilfe.org\/?cat=1"},"img":{"alt_text":"","src":"https:\/\/i0.wp.com\/agfluechtlingshilfe.org\/wp-content\/uploads\/2017\/04\/Ehrenamtsmesse.jpg?resize=350%2C200","width":350,"height":200,"srcset":"https:\/\/i0.wp.com\/agfluechtlingshilfe.org\/wp-content\/uploads\/2017\/04\/Ehrenamtsmesse.jpg?resize=350%2C200 1x, https:\/\/i0.wp.com\/agfluechtlingshilfe.org\/wp-content\/uploads\/2017\/04\/Ehrenamtsmesse.jpg?resize=525%2C300 1.5x, https:\/\/i0.wp.com\/agfluechtlingshilfe.org\/wp-content\/uploads\/2017\/04\/Ehrenamtsmesse.jpg?resize=700%2C400 2x, https:\/\/i0.wp.com\/agfluechtlingshilfe.org\/wp-content\/uploads\/2017\/04\/Ehrenamtsmesse.jpg?resize=1050%2C600 3x, https:\/\/i0.wp.com\/agfluechtlingshilfe.org\/wp-content\/uploads\/2017\/04\/Ehrenamtsmesse.jpg?resize=1400%2C800 4x"},"classes":[]},{"id":1164,"url":"https:\/\/agfluechtlingshilfe.org\/?p=1164","url_meta":{"origin":462,"position":4},"title":"Unsere neuen Projekte suchen Helfer!","author":"agfluechtlingshilfehst","date":"23. M\u00e4rz 2022","format":false,"excerpt":"Nach zwei sehr effektiven Planungstreffen mit vielen neuen Helfern kann es jetzt losgehen. Wir suchen aber noch dringend ehrenamtliche Helfer, die uns in unseren Projekten unterst\u00fctzen, damit diese zuverl\u00e4ssig und dauerhaft in die Tat umgesetzt werden k\u00f6nnen. Wir starten die folgenden Projekte nicht nur aus Anlass der hohen Fl\u00fcchtlingszahlen aus\u2026","rel":"","context":"In &quot;Aktuelles&quot;","block_context":{"text":"Aktuelles","link":"https:\/\/agfluechtlingshilfe.org\/?cat=1"},"img":{"alt_text":"","src":"https:\/\/i0.wp.com\/agfluechtlingshilfe.org\/wp-content\/uploads\/2022\/03\/ProjektBilder2022_3.png?resize=350%2C200&ssl=1","width":350,"height":200,"srcset":"https:\/\/i0.wp.com\/agfluechtlingshilfe.org\/wp-content\/uploads\/2022\/03\/ProjektBilder2022_3.png?resize=350%2C200&ssl=1 1x, https:\/\/i0.wp.com\/agfluechtlingshilfe.org\/wp-content\/uploads\/2022\/03\/ProjektBilder2022_3.png?resize=525%2C300&ssl=1 1.5x, https:\/\/i0.wp.com\/agfluechtlingshilfe.org\/wp-content\/uploads\/2022\/03\/ProjektBilder2022_3.png?resize=700%2C400&ssl=1 2x"},"classes":[]},{"id":1349,"url":"https:\/\/agfluechtlingshilfe.org\/?p=1349","url_meta":{"origin":462,"position":5},"title":"Wir waren Teil der NDR-Nordstory","author":"agfluechtlingshilfehst","date":"7. Oktober 2023","format":false,"excerpt":"Am 15.09.2023 waren wir mit unserer Fahrradwerkstatt in der NDR Nordstory dabei. J\u00fcrgen und seine Helfer haben ihre Arbeit und Motivation wirklich gut r\u00fcber gebracht und die Resonanz auf den Beitrag war bisher auch schon sehr erfreulich. Wer es verpasst hat, kann den Beitrag hier abrufen und anschauen: Auch weiterhin\u2026","rel":"","context":"In &quot;Aktuelles&quot;","block_context":{"text":"Aktuelles","link":"https:\/\/agfluechtlingshilfe.org\/?cat=1"},"img":{"alt_text":"","src":"https:\/\/i0.wp.com\/agfluechtlingshilfe.org\/wp-content\/uploads\/2023\/10\/NDR-BeitragBildRes.png?resize=350%2C200&ssl=1","width":350,"height":200},"classes":[]}],"jetpack_likes_enabled":true,"_links":{"self":[{"href":"https:\/\/agfluechtlingshilfe.org\/index.php?rest_route=\/wp\/v2\/posts\/462","targetHints":{"allow":["GET"]}}],"collection":[{"href":"https:\/\/agfluechtlingshilfe.org\/index.php?rest_route=\/wp\/v2\/posts"}],"about":[{"href":"https:\/\/agfluechtlingshilfe.org\/index.php?rest_route=\/wp\/v2\/types\/post"}],"author":[{"embeddable":true,"href":"https:\/\/agfluechtlingshilfe.org\/index.php?rest_route=\/wp\/v2\/users\/1"}],"replies":[{"embeddable":true,"href":"https:\/\/agfluechtlingshilfe.org\/index.php?rest_route=%2Fwp%2Fv2%2Fcomments&post=462"}],"version-history":[{"count":3,"href":"https:\/\/agfluechtlingshilfe.org\/index.php?rest_route=\/wp\/v2\/posts\/462\/revisions"}],"predecessor-version":[{"id":473,"href":"https:\/\/agfluechtlingshilfe.org\/index.php?rest_route=\/wp\/v2\/posts\/462\/revisions\/473"}],"wp:attachment":[{"href":"https:\/\/agfluechtlingshilfe.org\/index.php?rest_route=%2Fwp%2Fv2%2Fmedia&parent=462"}],"wp:term":[{"taxonomy":"category","embeddable":true,"href":"https:\/\/agfluechtlingshilfe.org\/index.php?rest_route=%2Fwp%2Fv2%2Fcategories&post=462"},{"taxonomy":"post_tag","embeddable":true,"href":"https:\/\/agfluechtlingshilfe.org\/index.php?rest_route=%2Fwp%2Fv2%2Ftags&post=462"}],"curies":[{"name":"wp","href":"https:\/\/api.w.org\/{rel}","templated":true}]}}