{"id":424,"date":"2017-05-09T18:29:32","date_gmt":"2017-05-09T16:29:32","guid":{"rendered":"http:\/\/agfluechtlingshilfe.org\/?p=424"},"modified":"2017-05-09T18:32:15","modified_gmt":"2017-05-09T16:32:15","slug":"morgen-10-05-17-unser-offenes-treffen-fuer-alle-interessierten-und-engagierten","status":"publish","type":"post","link":"https:\/\/agfluechtlingshilfe.org\/?p=424","title":{"rendered":"Morgen, 10.05.17: unser offenes Treffen f\u00fcr alle Interessierten und Engagierten"},"content":{"rendered":"<p><a href=\"https:\/\/i0.wp.com\/agfluechtlingshilfe.org\/wp-content\/uploads\/2016\/11\/12031508_1500753230243961_6643011437425886673_o-e1482351463325.jpg\"><img loading=\"lazy\" decoding=\"async\" data-attachment-id=\"4\" data-permalink=\"https:\/\/agfluechtlingshilfe.org\/?attachment_id=4\" data-orig-file=\"https:\/\/i0.wp.com\/agfluechtlingshilfe.org\/wp-content\/uploads\/2016\/11\/12031508_1500753230243961_6643011437425886673_o-e1482351463325.jpg?fit=408%2C275&amp;ssl=1\" data-orig-size=\"408,275\" data-comments-opened=\"1\" data-image-meta=\"{&quot;aperture&quot;:&quot;0&quot;,&quot;credit&quot;:&quot;&quot;,&quot;camera&quot;:&quot;&quot;,&quot;caption&quot;:&quot;&quot;,&quot;created_timestamp&quot;:&quot;0&quot;,&quot;copyright&quot;:&quot;&quot;,&quot;focal_length&quot;:&quot;0&quot;,&quot;iso&quot;:&quot;0&quot;,&quot;shutter_speed&quot;:&quot;0&quot;,&quot;title&quot;:&quot;&quot;,&quot;orientation&quot;:&quot;0&quot;}\" data-image-title=\"12031508_1500753230243961_6643011437425886673_o\" data-image-description=\"\" data-image-caption=\"\" data-medium-file=\"https:\/\/i0.wp.com\/agfluechtlingshilfe.org\/wp-content\/uploads\/2016\/11\/12031508_1500753230243961_6643011437425886673_o-e1482351463325.jpg?fit=300%2C202&amp;ssl=1\" data-large-file=\"https:\/\/i0.wp.com\/agfluechtlingshilfe.org\/wp-content\/uploads\/2016\/11\/12031508_1500753230243961_6643011437425886673_o-e1482351463325.jpg?fit=660%2C171&amp;ssl=1\" class=\"alignnone size-full wp-image-4\" src=\"https:\/\/i0.wp.com\/agfluechtlingshilfe.org\/wp-content\/uploads\/2016\/11\/12031508_1500753230243961_6643011437425886673_o-e1482351463325.jpg?resize=408%2C275\" alt=\"\" width=\"408\" height=\"275\" srcset=\"https:\/\/i0.wp.com\/agfluechtlingshilfe.org\/wp-content\/uploads\/2016\/11\/12031508_1500753230243961_6643011437425886673_o-e1482351463325.jpg?w=408&amp;ssl=1 408w, https:\/\/i0.wp.com\/agfluechtlingshilfe.org\/wp-content\/uploads\/2016\/11\/12031508_1500753230243961_6643011437425886673_o-e1482351463325.jpg?resize=300%2C202&amp;ssl=1 300w\" sizes=\"auto, (max-width: 408px) 100vw, 408px\" data-recalc-dims=\"1\" \/><\/a>&#8230; in der Fl\u00fcchtlingshilfe und alle die Lust h\u00e4tten welche zu werden \ud83d\ude09<\/p>\n<p>Morgen Abend findet wieder unser monatliches offenes Treffen statt. Alle die mit uns und anderen zum Thema Fl\u00fcchtlingshilfe und Integration\u00a0 in Kontakt kommen wollen sind herzlich eingeladen!<\/p>\n<p>Dieses Mal lohnt es sich besonders, weil Frau Breuer und Herr Hehl (Migrationsberatung des KdW) als Integrations-Experten zu Gast sein werden und uns sicherlich viele Fragen aus dem Ehrenamtsalltag beantworten k\u00f6nnen.<\/p>\n<p>Ort und Zeit erfahrt Ihr \u00fcber info@agfluechtlingshilfe.org<\/p>\n","protected":false},"excerpt":{"rendered":"<p>&#8230; in der Fl\u00fcchtlingshilfe und alle die Lust h\u00e4tten welche zu werden \ud83d\ude09 Morgen Abend findet wieder unser monatliches offenes Treffen statt. Alle die mit uns und anderen zum Thema Fl\u00fcchtlingshilfe und Integration\u00a0 in Kontakt kommen wollen sind herzlich eingeladen! Dieses Mal lohnt es sich besonders, weil Frau Breuer und Herr Hehl (Migrationsberatung des KdW) &hellip; <a href=\"https:\/\/agfluechtlingshilfe.org\/?p=424\" class=\"more-link\"><span class=\"screen-reader-text\">Morgen, 10.05.17: unser offenes Treffen f\u00fcr alle Interessierten und Engagierten<\/span> weiterlesen<\/a><\/p>\n","protected":false},"author":1,"featured_media":0,"comment_status":"open","ping_status":"open","sticky":false,"template":"","format":"standard","meta":{"footnotes":"","jetpack_publicize_message":"","jetpack_is_tweetstorm":false,"jetpack_publicize_feature_enabled":true,"jetpack_social_post_already_shared":true,"jetpack_social_options":{"image_generator_settings":{"template":"highway","enabled":false}}},"categories":[1],"tags":[],"class_list":["post-424","post","type-post","status-publish","format-standard","hentry","category-aktuelles"],"jetpack_publicize_connections":[],"jetpack_featured_media_url":"","jetpack_sharing_enabled":true,"jetpack_shortlink":"https:\/\/wp.me\/p8ejgX-6Q","jetpack-related-posts":[{"id":888,"url":"https:\/\/agfluechtlingshilfe.org\/?p=888","url_meta":{"origin":424,"position":0},"title":"Topfreisen &#8211; Rezepte aus aller Welt zur IKW 2021","author":"agfluechtlingshilfehst","date":"28. September 2021","format":false,"excerpt":"\u201eTopfreisen\u201c ist unser Projekt zur Teilnahme an der Interkulturellen Woche Stralsunds 2021 (IKW). Die Wortsch\u00f6pfung trifft ziemlich genau, was unser Plan war, als wir unseren Beitrag f\u00fcr die IKW entwickelt haben. Die Idee: Esskultur ist neben Musik vielleicht der direkteste Weg, um \u00fcber den eigenen (buchst\u00e4blichen) Tellerrand zu schauen. Schon\u2026","rel":"","context":"In &quot;Aktuelles&quot;","block_context":{"text":"Aktuelles","link":"https:\/\/agfluechtlingshilfe.org\/?cat=1"},"img":{"alt_text":"","src":"https:\/\/i0.wp.com\/agfluechtlingshilfe.org\/wp-content\/uploads\/2021\/09\/Kollage_Topfreisen.png?resize=350%2C200&ssl=1","width":350,"height":200,"srcset":"https:\/\/i0.wp.com\/agfluechtlingshilfe.org\/wp-content\/uploads\/2021\/09\/Kollage_Topfreisen.png?resize=350%2C200&ssl=1 1x, https:\/\/i0.wp.com\/agfluechtlingshilfe.org\/wp-content\/uploads\/2021\/09\/Kollage_Topfreisen.png?resize=525%2C300&ssl=1 1.5x"},"classes":[]},{"id":379,"url":"https:\/\/agfluechtlingshilfe.org\/?p=379","url_meta":{"origin":424,"position":1},"title":"Reaktion auf unseren offenen Brief","author":"agfluechtlingshilfehst","date":"15. Januar 2017","format":false,"excerpt":"Ein kurzes Update zu unserem offenen Brief an unseren Landrat Herrn Drescher. Herr Drescher hat sich umgehend bei uns gemeldet und wir werden ihn und seine Mitarbeiter am 26.1.2017 zu einem ersten Gespr\u00e4ch treffen. Wir freuen uns sehr auf diesen Dialog und sind uns sicher, dass auf diesem Weg die\u2026","rel":"","context":"In &quot;Aktuelles&quot;","block_context":{"text":"Aktuelles","link":"https:\/\/agfluechtlingshilfe.org\/?cat=1"},"img":{"alt_text":"","src":"","width":0,"height":0},"classes":[]},{"id":536,"url":"https:\/\/agfluechtlingshilfe.org\/?p=536","url_meta":{"origin":424,"position":2},"title":"MORGEN: Zeit f\u00fcr Begegnungen","author":"agfluechtlingshilfehst","date":"21. September 2017","format":false,"excerpt":"Es ist wieder Zeit f\u00fcr Begegnungen. Morgen, Freitag den 22.09.2017 von 14- 17 Uhr im Speicher am Katharinenberg findet das zweite Begegnungscaf\u00e9 seit der Sommerpause statt. F\u00fcr alle, die mal in die direkte Fl\u00fcchtlingshilfe hinein-schnuppern wollen, ist das ein toller erster Einstieg. Wir sind offen f\u00fcr alle und alles (gerne\u2026","rel":"","context":"In &quot;Aktuelles&quot;","block_context":{"text":"Aktuelles","link":"https:\/\/agfluechtlingshilfe.org\/?cat=1"},"img":{"alt_text":"","src":"","width":0,"height":0},"classes":[]},{"id":167,"url":"https:\/\/agfluechtlingshilfe.org\/?p=167","url_meta":{"origin":424,"position":3},"title":"Unsere Internetseite ist (fast) fertig","author":"agfluechtlingshilfehst","date":"23. Dezember 2016","format":false,"excerpt":"Herzlich Willkommen auf der neuen und fast fertigen Internetpr\u00e4senz des gemeinn\u00fctzigen Vereins Arbeitsgemeinschaft Fl\u00fcchtlingshilfe Stralsund e.V. Wenn Ihr mehr \u00fcber uns erfahren wollt k\u00f6nnt Ihr dies ab sofort hier tun und wenn Ihr nach M\u00f6glichkeiten sucht Euch in der Fl\u00fcchtlingshilfe zu engagieren, dann findet Ihr unter Mitmachen alles was ihr\u2026","rel":"","context":"In &quot;Aktuelles&quot;","block_context":{"text":"Aktuelles","link":"https:\/\/agfluechtlingshilfe.org\/?cat=1"},"img":{"alt_text":"","src":"","width":0,"height":0},"classes":[]},{"id":1129,"url":"https:\/\/agfluechtlingshilfe.org\/?p=1129","url_meta":{"origin":424,"position":4},"title":"Gemeinsam und solidarisch \u2013 unsere Antwort auf Krieg und Vertreibung","author":"agfluechtlingshilfehst","date":"2. M\u00e4rz 2022","format":false,"excerpt":"Liebe Engagierte, Interessierte und Unentschlossene, die Ereignisse der letzten Woche ver\u00e4ndern die Welt in der wir leben in sehr vielschichtiger Weise. Aber nicht erst seit letzter Woche k\u00f6nnen wir beobachten, dass Gewissheiten und Werte, die wir wie in Stein gemeisselt empfanden, zunehmend ersch\u00fcttert werden. Undenkbares wird Realit\u00e4t, Unsagbares wird Normalit\u00e4t\u2026","rel":"","context":"In &quot;Aktuelles&quot;","block_context":{"text":"Aktuelles","link":"https:\/\/agfluechtlingshilfe.org\/?cat=1"},"img":{"alt_text":"","src":"https:\/\/i0.wp.com\/agfluechtlingshilfe.org\/wp-content\/uploads\/2022\/02\/ukraine-flag-png-large.jpeg?resize=350%2C200&ssl=1","width":350,"height":200,"srcset":"https:\/\/i0.wp.com\/agfluechtlingshilfe.org\/wp-content\/uploads\/2022\/02\/ukraine-flag-png-large.jpeg?resize=350%2C200&ssl=1 1x, https:\/\/i0.wp.com\/agfluechtlingshilfe.org\/wp-content\/uploads\/2022\/02\/ukraine-flag-png-large.jpeg?resize=525%2C300&ssl=1 1.5x, https:\/\/i0.wp.com\/agfluechtlingshilfe.org\/wp-content\/uploads\/2022\/02\/ukraine-flag-png-large.jpeg?resize=700%2C400&ssl=1 2x"},"classes":[]},{"id":631,"url":"https:\/\/agfluechtlingshilfe.org\/?p=631","url_meta":{"origin":424,"position":5},"title":"Vorurteile sind dazu da, abgebaut zu werden&#8230;","author":"agfluechtlingshilfehst","date":"11. April 2018","format":false,"excerpt":"...ein tolles Kurzfilmprojekt aus L\u00fcneburg zeigt, wie es gehen kann. Wir, die Fl\u00fcchtlingshilfe Stralsund, bekamen vor ein paar Tagen eine Email von Markus Ibrom, mit der Bitte diesen Kurzfilm zu teilen und dabei mit zu helfen, ihn einer breiteren \u00d6ffentlichkeit zur Kenntnis zu bringen. Markus Ibrom schrieb uns dazu: \"Der\u2026","rel":"","context":"In &quot;Aktuelles&quot;","block_context":{"text":"Aktuelles","link":"https:\/\/agfluechtlingshilfe.org\/?cat=1"},"img":{"alt_text":"","src":"","width":0,"height":0},"classes":[]}],"jetpack_likes_enabled":true,"_links":{"self":[{"href":"https:\/\/agfluechtlingshilfe.org\/index.php?rest_route=\/wp\/v2\/posts\/424","targetHints":{"allow":["GET"]}}],"collection":[{"href":"https:\/\/agfluechtlingshilfe.org\/index.php?rest_route=\/wp\/v2\/posts"}],"about":[{"href":"https:\/\/agfluechtlingshilfe.org\/index.php?rest_route=\/wp\/v2\/types\/post"}],"author":[{"embeddable":true,"href":"https:\/\/agfluechtlingshilfe.org\/index.php?rest_route=\/wp\/v2\/users\/1"}],"replies":[{"embeddable":true,"href":"https:\/\/agfluechtlingshilfe.org\/index.php?rest_route=%2Fwp%2Fv2%2Fcomments&post=424"}],"version-history":[{"count":4,"href":"https:\/\/agfluechtlingshilfe.org\/index.php?rest_route=\/wp\/v2\/posts\/424\/revisions"}],"predecessor-version":[{"id":428,"href":"https:\/\/agfluechtlingshilfe.org\/index.php?rest_route=\/wp\/v2\/posts\/424\/revisions\/428"}],"wp:attachment":[{"href":"https:\/\/agfluechtlingshilfe.org\/index.php?rest_route=%2Fwp%2Fv2%2Fmedia&parent=424"}],"wp:term":[{"taxonomy":"category","embeddable":true,"href":"https:\/\/agfluechtlingshilfe.org\/index.php?rest_route=%2Fwp%2Fv2%2Fcategories&post=424"},{"taxonomy":"post_tag","embeddable":true,"href":"https:\/\/agfluechtlingshilfe.org\/index.php?rest_route=%2Fwp%2Fv2%2Ftags&post=424"}],"curies":[{"name":"wp","href":"https:\/\/api.w.org\/{rel}","templated":true}]}}