{"id":406,"date":"2017-03-09T18:15:55","date_gmt":"2017-03-09T17:15:55","guid":{"rendered":"http:\/\/agfluechtlingshilfe.org\/?p=406"},"modified":"2017-03-09T18:15:55","modified_gmt":"2017-03-09T17:15:55","slug":"deutsche-sparringspartner-fuer-unser-begegnungscafe-morgen-gesucht","status":"publish","type":"post","link":"https:\/\/agfluechtlingshilfe.org\/?p=406","title":{"rendered":"Deutsche &#8222;Sparringspartner&#8220; f\u00fcr unser Begegnungscaf\u00e9 morgen gesucht&#8230;"},"content":{"rendered":"<p>Zwei Wochen sind schon wieder um und damit findet morgen wieder unser Begegnungscaf\u00e9 in der VHS Stralsund statt. Das letzte Mal waren etwas wenig deutschsprachige &#8222;Trainingshelfer&#8220; dabei. Damit unsere neuen Mitb\u00fcrger aber m\u00f6glichst viel Gelegenheit bekommen, ihre Sprachkenntnisse auszuprobieren, w\u00e4re es sch\u00f6n, wenn morgen noch der ein oder andere den Weg in die VHS findet.<\/p>\n<p>Es wird wieder gemeinsam gekocht und gegessen, also eine besonders leckere Gelegenheit, um unsere neuen Mitb\u00fcrger pers\u00f6nlich kennen zu lernen und mit ihnen die deutsche Sprache zu \u00fcben.<\/p>\n<p>Es geht ab 14 Uhr los und endet um 17 Uhr. Bis dahin&#8230;<\/p>\n","protected":false},"excerpt":{"rendered":"<p>Zwei Wochen sind schon wieder um und damit findet morgen wieder unser Begegnungscaf\u00e9 in der VHS Stralsund statt. Das letzte Mal waren etwas wenig deutschsprachige &#8222;Trainingshelfer&#8220; dabei. Damit unsere neuen Mitb\u00fcrger aber m\u00f6glichst viel Gelegenheit bekommen, ihre Sprachkenntnisse auszuprobieren, w\u00e4re es sch\u00f6n, wenn morgen noch der ein oder andere den Weg in die VHS findet. &hellip; <a href=\"https:\/\/agfluechtlingshilfe.org\/?p=406\" class=\"more-link\"><span class=\"screen-reader-text\">Deutsche &#8222;Sparringspartner&#8220; f\u00fcr unser Begegnungscaf\u00e9 morgen gesucht&#8230;<\/span> weiterlesen<\/a><\/p>\n","protected":false},"author":1,"featured_media":0,"comment_status":"open","ping_status":"open","sticky":false,"template":"","format":"standard","meta":{"footnotes":"","jetpack_publicize_message":"","jetpack_is_tweetstorm":false,"jetpack_publicize_feature_enabled":true,"jetpack_social_post_already_shared":true,"jetpack_social_options":{"image_generator_settings":{"template":"highway","enabled":false}}},"categories":[1],"tags":[],"class_list":["post-406","post","type-post","status-publish","format-standard","hentry","category-aktuelles"],"jetpack_publicize_connections":[],"jetpack_featured_media_url":"","jetpack_sharing_enabled":true,"jetpack_shortlink":"https:\/\/wp.me\/p8ejgX-6y","jetpack-related-posts":[{"id":387,"url":"https:\/\/agfluechtlingshilfe.org\/?p=387","url_meta":{"origin":406,"position":0},"title":"Diesen Freitag gibt es wieder Gelegenheit um sich zu begegnen&#8230;","author":"agfluechtlingshilfehst","date":"26. Januar 2017","format":false,"excerpt":"Zwei Wochen sind schon wieder um und damit findet Morgen wieder unser Begegnungscaf\u00e9 in der VHS statt. Dieses Mal wird wieder gemeinsam gekocht und gegessen, also eine besonders leckere Gelegenheit, um unsere neuen Mitb\u00fcrger pers\u00f6nlich kennen zu lernen und mit ihnen die deutsche Sprache zu \u00fcben. Es geht ab 14\u2026","rel":"","context":"In &quot;Aktuelles&quot;","block_context":{"text":"Aktuelles","link":"https:\/\/agfluechtlingshilfe.org\/?cat=1"},"img":{"alt_text":"","src":"","width":0,"height":0},"classes":[]},{"id":488,"url":"https:\/\/agfluechtlingshilfe.org\/?p=488","url_meta":{"origin":406,"position":1},"title":"Neuer Ort, neue Termine: das Begegnungscaf\u00e9 ist aus der Sommerpause zur\u00fcck!","author":"agfluechtlingshilfehst","date":"7. September 2017","format":false,"excerpt":"...die Sommerpause des Begegnungscaf\u00e9 geht zu Ende und die neuen Termine UND DER NEUE ORT stehen bereits fest! Aufgrund des Umzugs der VHS Stralsund ist es aktuell nicht mehr m\u00f6glich dort unser Begegnungscaf\u00e9 stattfinden zu lassen. Aus dieser Not ergab sich, wie so oft im Leben, eine neue Chance: Susanne\u2026","rel":"","context":"In &quot;Aktuelles&quot;","block_context":{"text":"Aktuelles","link":"https:\/\/agfluechtlingshilfe.org\/?cat=1"},"img":{"alt_text":"","src":"https:\/\/i0.wp.com\/agfluechtlingshilfe.org\/wp-content\/uploads\/2017\/08\/BC_NeueTermine2017_Flyer.jpg?resize=350%2C200","width":350,"height":200,"srcset":"https:\/\/i0.wp.com\/agfluechtlingshilfe.org\/wp-content\/uploads\/2017\/08\/BC_NeueTermine2017_Flyer.jpg?resize=350%2C200 1x, https:\/\/i0.wp.com\/agfluechtlingshilfe.org\/wp-content\/uploads\/2017\/08\/BC_NeueTermine2017_Flyer.jpg?resize=525%2C300 1.5x, https:\/\/i0.wp.com\/agfluechtlingshilfe.org\/wp-content\/uploads\/2017\/08\/BC_NeueTermine2017_Flyer.jpg?resize=700%2C400 2x, https:\/\/i0.wp.com\/agfluechtlingshilfe.org\/wp-content\/uploads\/2017\/08\/BC_NeueTermine2017_Flyer.jpg?resize=1050%2C600 3x, https:\/\/i0.wp.com\/agfluechtlingshilfe.org\/wp-content\/uploads\/2017\/08\/BC_NeueTermine2017_Flyer.jpg?resize=1400%2C800 4x"},"classes":[]},{"id":536,"url":"https:\/\/agfluechtlingshilfe.org\/?p=536","url_meta":{"origin":406,"position":2},"title":"MORGEN: Zeit f\u00fcr Begegnungen","author":"agfluechtlingshilfehst","date":"21. September 2017","format":false,"excerpt":"Es ist wieder Zeit f\u00fcr Begegnungen. Morgen, Freitag den 22.09.2017 von 14- 17 Uhr im Speicher am Katharinenberg findet das zweite Begegnungscaf\u00e9 seit der Sommerpause statt. F\u00fcr alle, die mal in die direkte Fl\u00fcchtlingshilfe hinein-schnuppern wollen, ist das ein toller erster Einstieg. Wir sind offen f\u00fcr alle und alles (gerne\u2026","rel":"","context":"In &quot;Aktuelles&quot;","block_context":{"text":"Aktuelles","link":"https:\/\/agfluechtlingshilfe.org\/?cat=1"},"img":{"alt_text":"","src":"","width":0,"height":0},"classes":[]},{"id":1164,"url":"https:\/\/agfluechtlingshilfe.org\/?p=1164","url_meta":{"origin":406,"position":3},"title":"Unsere neuen Projekte suchen Helfer!","author":"agfluechtlingshilfehst","date":"23. M\u00e4rz 2022","format":false,"excerpt":"Nach zwei sehr effektiven Planungstreffen mit vielen neuen Helfern kann es jetzt losgehen. Wir suchen aber noch dringend ehrenamtliche Helfer, die uns in unseren Projekten unterst\u00fctzen, damit diese zuverl\u00e4ssig und dauerhaft in die Tat umgesetzt werden k\u00f6nnen. Wir starten die folgenden Projekte nicht nur aus Anlass der hohen Fl\u00fcchtlingszahlen aus\u2026","rel":"","context":"In &quot;Aktuelles&quot;","block_context":{"text":"Aktuelles","link":"https:\/\/agfluechtlingshilfe.org\/?cat=1"},"img":{"alt_text":"","src":"https:\/\/i0.wp.com\/agfluechtlingshilfe.org\/wp-content\/uploads\/2022\/03\/ProjektBilder2022_3.png?resize=350%2C200&ssl=1","width":350,"height":200,"srcset":"https:\/\/i0.wp.com\/agfluechtlingshilfe.org\/wp-content\/uploads\/2022\/03\/ProjektBilder2022_3.png?resize=350%2C200&ssl=1 1x, https:\/\/i0.wp.com\/agfluechtlingshilfe.org\/wp-content\/uploads\/2022\/03\/ProjektBilder2022_3.png?resize=525%2C300&ssl=1 1.5x, https:\/\/i0.wp.com\/agfluechtlingshilfe.org\/wp-content\/uploads\/2022\/03\/ProjektBilder2022_3.png?resize=700%2C400&ssl=1 2x"},"classes":[]},{"id":624,"url":"https:\/\/agfluechtlingshilfe.org\/?p=624","url_meta":{"origin":406,"position":4},"title":"Geschichte(n) \u00fcber die neue Heimat &#8211; ein Stadtrundgang hilft Fremdes besser zu verstehen","author":"agfluechtlingshilfehst","date":"26. M\u00e4rz 2018","format":false,"excerpt":"Am vergangenen Freitag war nicht nur wieder unser \"ganz normales\" Begegnungscaf\u00e9 im Speicher am Katharinenberg, dieses Mal konnten alle Besucher ab 16.30 Uhr die Gelegenheit nutzen, an einer ganz speziellen Stadtf\u00fchrung teilzunehmen. Die Integrationsbeauftragte der Stadt, Frau Anja Schmuck, hatte eingeladen und 15 Alt- und Neub\u00fcrger nahmen das Angebot am\u2026","rel":"","context":"In &quot;Aktuelles&quot;","block_context":{"text":"Aktuelles","link":"https:\/\/agfluechtlingshilfe.org\/?cat=1"},"img":{"alt_text":"","src":"https:\/\/i0.wp.com\/agfluechtlingshilfe.org\/wp-content\/uploads\/2018\/03\/IMG-20180326-WA0000.jpg?resize=350%2C200","width":350,"height":200,"srcset":"https:\/\/i0.wp.com\/agfluechtlingshilfe.org\/wp-content\/uploads\/2018\/03\/IMG-20180326-WA0000.jpg?resize=350%2C200 1x, https:\/\/i0.wp.com\/agfluechtlingshilfe.org\/wp-content\/uploads\/2018\/03\/IMG-20180326-WA0000.jpg?resize=525%2C300 1.5x, https:\/\/i0.wp.com\/agfluechtlingshilfe.org\/wp-content\/uploads\/2018\/03\/IMG-20180326-WA0000.jpg?resize=700%2C400 2x, https:\/\/i0.wp.com\/agfluechtlingshilfe.org\/wp-content\/uploads\/2018\/03\/IMG-20180326-WA0000.jpg?resize=1050%2C600 3x"},"classes":[]},{"id":424,"url":"https:\/\/agfluechtlingshilfe.org\/?p=424","url_meta":{"origin":406,"position":5},"title":"Morgen, 10.05.17: unser offenes Treffen f\u00fcr alle Interessierten und Engagierten","author":"agfluechtlingshilfehst","date":"9. Mai 2017","format":false,"excerpt":"... in der Fl\u00fcchtlingshilfe und alle die Lust h\u00e4tten welche zu werden ;-) Morgen Abend findet wieder unser monatliches offenes Treffen statt. Alle die mit uns und anderen zum Thema Fl\u00fcchtlingshilfe und Integration\u00a0 in Kontakt kommen wollen sind herzlich eingeladen! Dieses Mal lohnt es sich besonders, weil Frau Breuer und\u2026","rel":"","context":"In &quot;Aktuelles&quot;","block_context":{"text":"Aktuelles","link":"https:\/\/agfluechtlingshilfe.org\/?cat=1"},"img":{"alt_text":"","src":"https:\/\/i0.wp.com\/agfluechtlingshilfe.org\/wp-content\/uploads\/2016\/11\/12031508_1500753230243961_6643011437425886673_o-e1482351463325.jpg?resize=350%2C200","width":350,"height":200},"classes":[]}],"jetpack_likes_enabled":true,"_links":{"self":[{"href":"https:\/\/agfluechtlingshilfe.org\/index.php?rest_route=\/wp\/v2\/posts\/406","targetHints":{"allow":["GET"]}}],"collection":[{"href":"https:\/\/agfluechtlingshilfe.org\/index.php?rest_route=\/wp\/v2\/posts"}],"about":[{"href":"https:\/\/agfluechtlingshilfe.org\/index.php?rest_route=\/wp\/v2\/types\/post"}],"author":[{"embeddable":true,"href":"https:\/\/agfluechtlingshilfe.org\/index.php?rest_route=\/wp\/v2\/users\/1"}],"replies":[{"embeddable":true,"href":"https:\/\/agfluechtlingshilfe.org\/index.php?rest_route=%2Fwp%2Fv2%2Fcomments&post=406"}],"version-history":[{"count":1,"href":"https:\/\/agfluechtlingshilfe.org\/index.php?rest_route=\/wp\/v2\/posts\/406\/revisions"}],"predecessor-version":[{"id":407,"href":"https:\/\/agfluechtlingshilfe.org\/index.php?rest_route=\/wp\/v2\/posts\/406\/revisions\/407"}],"wp:attachment":[{"href":"https:\/\/agfluechtlingshilfe.org\/index.php?rest_route=%2Fwp%2Fv2%2Fmedia&parent=406"}],"wp:term":[{"taxonomy":"category","embeddable":true,"href":"https:\/\/agfluechtlingshilfe.org\/index.php?rest_route=%2Fwp%2Fv2%2Fcategories&post=406"},{"taxonomy":"post_tag","embeddable":true,"href":"https:\/\/agfluechtlingshilfe.org\/index.php?rest_route=%2Fwp%2Fv2%2Ftags&post=406"}],"curies":[{"name":"wp","href":"https:\/\/api.w.org\/{rel}","templated":true}]}}